{"id":35461,"date":"2018-03-23T11:54:40","date_gmt":"2018-03-23T10:54:40","guid":{"rendered":"\/parlonsen\/?p=35461"},"modified":"2018-03-23T11:57:15","modified_gmt":"2018-03-23T10:57:15","slug":"fin-mars-avril-mai-2018-avec-la-belle-montee","status":"publish","type":"post","link":"https:\/\/www.o-p-i.fr\/parlonsen\/localisation\/au-pays-des-tescous\/salvetat\/fin-mars-avril-mai-2018-avec-la-belle-montee\/","title":{"rendered":"Fin mars, avril, mai 2018 avec \u00ab\u00a0La belle Mont\u00e9e\u00a0\u00bb"},"content":{"rendered":"<p>A pied ou \u00e0 bicyclette, bouger \u00e0 La Salvetat Belmontet (82).<!--more--><\/p>\n<p><strong>POUR LES MARCHEURS :<\/strong><\/p>\n<ul>\n<li>Tous les mardis randonn\u00e9es faciles 6 km maximum. RDV \u00e0 9h30 \u00e0 la salle des associations.<\/li>\n<\/ul>\n<p>Contacts : Genevi\u00e8ve DOUREL : 06-28-35-48-78<\/p>\n<ul>\n<li><strong>Tous les jeudis randonn\u00e9es suivant le programme ci-dessous. D\u00e9part en co-voiturage \u00e0 14h00 salle des associations.<\/strong><\/li>\n<li>22 mars \u2013 Rendez-vous exceptionnellement avanc\u00e9 \u00e0 13h00\u00a0 St Antonin 10 km \u2013 3h00 \u2013 Difficile au d\u00e9part<\/li>\n<li>29 mars\u00a0Pas de randonn\u00e9e en raison du voyage en Espagne.\u00a0Rando libre pour ceux qui le souhaite au point de RDV habituel.<\/li>\n<li>5 avril\u00a0Bondigoux \u2013 La pech des Agnels\u00a0\u00b7 7.5 km \u2013 2h30 \u2013 Moyen<\/li>\n<li>12 avril\u00a0la foret de Sivens\u00a0 8 km \u2013 2h40 \u2013 Facile<\/li>\n<li>19 avril\u00a0Puylaroque \u2013 les moulins de la L\u00e8re\u00a0\u00a09 km \u2013 2h30 \u2013 Facile<\/li>\n<li>26 avril Randonn\u00e9e sur la journ\u00e9e (pr\u00e9voir un casse cro\u00fbte) &#8211; D\u00e9part 10h\u00a0les Cabannes (vers Cordes) La Chapelle Ste Lucie\u00a011.5 km \u2013 4h \u2013 Moyen<\/li>\n<li>3 mai\u00a0\u00a0Montricoux \u2013 circuit du lavoir d&rsquo;Embarre\u00a07 km &#8211; 2h \u2013 Facile<\/li>\n<li>10 mai\u00a0Villebrumier \u2013 regards sur le Tarn\u00a08.5km \u2013 2h40 \u2013 Facile<\/li>\n<li>17 mai\u00a0Cestayrols \u2013 les sentiers du coteaux\u00a0\u00b7 9.5 km \u2013 3h30 \u2013 Facile<\/li>\n<li>24 mai\u00a0For\u00eat du Buzet\u00a0 9km \u2013 2h30 \u2013 Facile<\/li>\n<li>31 mai\u00a0\u00a0Lamothe Capdeville \u2013 St Saturnin \u00e0 Notre Dame\u00a0\u00a010.5km \u2013 2h30 \u2013 difficile (variante possible : les coteaux d&rsquo;Ardus 4.7 km \u2013 1h \u2013 facile)<\/li>\n<\/ul>\n<p>Contacts : Andr\u00e9 BROUSSE 06-10-05-49-04 \/ Monique MURATET 06-83-89-37-81<\/p>\n<p><strong>Tous les week-ends randonn\u00e9es alternativement les samedis et dimanches suivant le programme ci-dessous. D\u00e9part en co-voiturage \u00e0 14h00 salle des associations.<\/strong><\/p>\n<ul>\n<li>Lundi 2 avril 2018 (Lundi de P\u00e2ques). Montjoire \u2013 12 kms exceptionnellement le matin. D\u00e9part \u00e0 8h30 de La Salvetat en covoiturage. Repas de midi pique-nique, chacun porte de quoi manger \u00e0 partager + omelettes sur place. Pour ceux qui ne participent pas \u00e0 la rando du matin RDV \u00e0 11h00 salle des associations pour rejoindre le point de pique-nique.<\/li>\n<li>Dimanche 8 avril 2018\u00a0St Antonin Noble Val : La Veyrie &#8211; Montpalach &#8211; La Veyrie\u00a0\u00b7 11.8 km &#8211; 3h50 &#8211; Facile<\/li>\n<li>Samedi 14 avril 2018\u00a0 Puycelsi &#8211; Le sentier du patrimoine, 2 km &#8211; 4h &#8211; Difficile<\/li>\n<li>Dimanche 22 avril 2018\u00a0\u00b7 Cazals &#8211; le chemin du Frau\u00b7 12 km &#8211; 3h &#8211; Moyen<\/li>\n<li>Samedi 28 avril 2018\u00b7 Va\u00efssac : Circuit de la Vayss\u00e8de\u00a0\u00b7 12.6 km &#8211; 3h- Moyen<\/li>\n<li>Dimanche 6 mai 2018\u00a0 Montpezat de Quercy : les coteaux du quercy\u00a0\u00b7 11 km &#8211; 3h15 &#8211; Moyen<\/li>\n<li><strong>Samedi 12 mai 2018\u00a0WD les Belles Mont\u00e9es<\/strong><\/li>\n<li>Dimanche 20 mai 2018\u00a0 Bruniquel : circuit des moulins\u00a012.5 km &#8211; 3h30 &#8211; Moyen<\/li>\n<li>Samedi 26 mai 2018\u00a0 Cahuzac s\/V\u00e8re : chemin de la V\u00e8re au Saint Hussou\u00a0\u00b7 12.5 km &#8211; 3h30 \u2013 Moyen<\/li>\n<\/ul>\n<p>Contacts : Fran\u00e7oise BROUCHET 06-89-15-74-61 &amp; Nicole DUCOS 06-49-39-23-06<\/p>\n<p>En cas de probl\u00e8me d&rsquo;encadrement, de m\u00e9t\u00e9o, ou tout autre impr\u00e9vu, les organisateurs pourront \u00eatre amen\u00e9s \u00e0 changer le parcours initialement pr\u00e9vu, c&rsquo;est pourquoi nous vous conseillons de toujours venir au point de rendez-vous \u00e0 la salle des associations, parking de l&rsquo;\u00e9glise de La Salvetat. Les distances, temps et d\u00e9nivel\u00e9s sont donn\u00e9s \u00e0 titre indicatif et peuvent parfois varier.<\/p>\n<p><strong>POUR LES CYCLISTES SUR ROUTE :<\/strong><\/p>\n<p>Le <strong>dimanche matin r<\/strong>endez-vous \u00e0 8h30 \u00e0 la salle des associations de La Salvetat.<\/p>\n<p>Les parcours seront \u00e9tablis en fonction des participants et de la m\u00e9t\u00e9o (g\u00e9n\u00e9ralement de 60 \u00e0 90 km). En cas de participation \u00e0 des sorties organis\u00e9es par d&rsquo;autres club le lieu de rendez-vous et d\u00e9part pourra changer. En cas de mauvais temps, le jour ou l&rsquo;heure de d\u00e9part pourront \u00e9galement changer.<\/p>\n<p>Le <strong>mercredi apr\u00e8s-midi<\/strong> au d\u00e9part de Verlhac (durant les heures d&rsquo;\u00e9t\u00e9).<\/p>\n<p>Contacts : E. VIES 06-08-88-63-37 \/ Ch. ESCALETTE 06-84-09-42-99 \/ J.M. SANGLA 05-63-30-34-16<\/p>\n<p><strong>POUR TOUS : Le Samedi 12 mai 2018 : LES BELLES MONTEES.<\/strong><\/p>\n<p><em>Information communiqu\u00e9e par Jean-Marc SANGLA<\/em><\/p>\n<p><a href=\"https:\/\/www.o-p-i.fr\/parlonsen\/agenda\/\"><strong>Retrouvez tous les \u00e9v\u00e9nements dans l&rsquo;agenda !<\/strong><\/a><\/p>\n","protected":false},"excerpt":{"rendered":"<div class=\"mh-excerpt\">A pied ou \u00e0 bicyclette, bouger \u00e0 La Salvetat Belmontet (82).<\/div>\n","protected":false},"author":4,"featured_media":0,"comment_status":"open","ping_status":"open","sticky":false,"template":"","format":"standard","meta":{"om_disable_all_campaigns":false,"advanced_seo_description":"","jetpack_seo_html_title":"","jetpack_seo_noindex":false,"_jetpack_memberships_contains_paid_content":false,"footnotes":"","_links_to":"","_links_to_target":""},"categories":[52,34,54,53,3066,3072],"tags":[181,762,1264,2697,2792,3122],"class_list":{"0":"post-35461","1":"post","2":"type-post","3":"status-publish","4":"format-standard","6":"category-parlons-en","7":"category-salvetat","8":"category-loisirs","9":"category-sports","10":"category-n-145-avril-2018-numero-de-journal","11":"category-n-146-mai-2018-numero-de-journal","12":"tag-la-salvetat-belmontet","13":"tag-randonnee-pedestre","14":"tag-programme","15":"tag-randonnee-cycliste","16":"tag-la-belle-montee","17":"tag-marcheur"},"jetpack_featured_media_url":"","views":{"total":0,"cached_at":"","cached_date":1738520979},"jetpack_likes_enabled":true,"jetpack_sharing_enabled":true,"jetpack_shortlink":"https:\/\/wp.me\/pg7Wxj-9dX","jetpack-related-posts":[],"_links":{"self":[{"href":"https:\/\/www.o-p-i.fr\/parlonsen\/wp-json\/wp\/v2\/posts\/35461","targetHints":{"allow":["GET"]}}],"collection":[{"href":"https:\/\/www.o-p-i.fr\/parlonsen\/wp-json\/wp\/v2\/posts"}],"about":[{"href":"https:\/\/www.o-p-i.fr\/parlonsen\/wp-json\/wp\/v2\/types\/post"}],"author":[{"embeddable":true,"href":"https:\/\/www.o-p-i.fr\/parlonsen\/wp-json\/wp\/v2\/users\/4"}],"replies":[{"embeddable":true,"href":"https:\/\/www.o-p-i.fr\/parlonsen\/wp-json\/wp\/v2\/comments?post=35461"}],"version-history":[{"count":0,"href":"https:\/\/www.o-p-i.fr\/parlonsen\/wp-json\/wp\/v2\/posts\/35461\/revisions"}],"wp:attachment":[{"href":"https:\/\/www.o-p-i.fr\/parlonsen\/wp-json\/wp\/v2\/media?parent=35461"}],"wp:term":[{"taxonomy":"category","embeddable":true,"href":"https:\/\/www.o-p-i.fr\/parlonsen\/wp-json\/wp\/v2\/categories?post=35461"},{"taxonomy":"post_tag","embeddable":true,"href":"https:\/\/www.o-p-i.fr\/parlonsen\/wp-json\/wp\/v2\/tags?post=35461"}],"curies":[{"name":"wp","href":"https:\/\/api.w.org\/{rel}","templated":true}]}}