{"id":35470,"date":"2018-03-25T11:21:53","date_gmt":"2018-03-25T10:21:53","guid":{"rendered":"\/parlonsen\/?p=35470"},"modified":"2018-03-25T11:47:32","modified_gmt":"2018-03-25T10:47:32","slug":"trail-2018-a-tauriac-81","status":"publish","type":"post","link":"https:\/\/www.o-p-i.fr\/parlonsen\/localisation\/au-pays-des-tescous\/tauriac\/trail-2018-a-tauriac-81\/","title":{"rendered":"Trail 2018&#8230;\u00e0 Tauriac (81)"},"content":{"rendered":"<p><strong>Dimanche 22 avril 2018,<\/strong><br \/>\n<!--more-->de nouveaux parcours pour cette \u00e9dition 2018 !!!<img data-recalc-dims=\"1\" loading=\"lazy\" decoding=\"async\" class=\"alignright size-full wp-image-35475\" src=\"https:\/\/i0.wp.com\/www.o-p-i.fr\/parlonsen\/wp-content\/uploads\/Trail-Tauriac.jpg?resize=421%2C595&#038;ssl=1\" alt=\"\" width=\"421\" height=\"595\" srcset=\"https:\/\/i0.wp.com\/www.o-p-i.fr\/parlonsen\/wp-content\/uploads\/Trail-Tauriac.jpg?w=421&amp;ssl=1 421w, https:\/\/i0.wp.com\/www.o-p-i.fr\/parlonsen\/wp-content\/uploads\/Trail-Tauriac.jpg?resize=212%2C300&amp;ssl=1 212w, https:\/\/i0.wp.com\/www.o-p-i.fr\/parlonsen\/wp-content\/uploads\/Trail-Tauriac.jpg?resize=106%2C150&amp;ssl=1 106w, https:\/\/i0.wp.com\/www.o-p-i.fr\/parlonsen\/wp-content\/uploads\/Trail-Tauriac.jpg?resize=400%2C565&amp;ssl=1 400w\" sizes=\"auto, (max-width: 421px) 100vw, 421px\" \/><\/p>\n<p><strong>Trail 20km<\/strong><br \/>\nLe 22\/04\/2018 \u00e0 9h30<br \/>\nDroits d&rsquo;inscription : 16 \u20ac<\/p>\n<p><strong>Trail 11km<\/strong><br \/>\nLe 22\/04\/2018 \u00e0 10h<br \/>\nDroits d&rsquo;inscription : 10 \u20ac<\/p>\n<p><strong>Marche nordique 11km<\/strong><br \/>\nLe 22\/04\/2018 \u00e0 10h<br \/>\nDroits d&rsquo;inscription : 10 \u20ac<\/p>\n<p><strong>Randonn\u00e9e p\u00e9destre 11km<\/strong><br \/>\nLe 22\/04\/2018 \u00e0 9h30<\/p>\n<p><strong>Course enfants<\/strong><br \/>\nLe 22\/04\/2018 \u00e0\u00a011h30<\/p>\n<p><strong>Inscription<\/strong> :\u00a0Pour cet \u00e9v\u00e9nement, il y a des \u00e9preuves pour lesquelles, si vous \u00eates non licenci\u00e9, vous devrez\u00a0<b>imp\u00e9rativement<\/b>\u00a0t\u00e9l\u00e9charger vos certificats m\u00e9dicaux (pdf,jpg&#8230;) pendant le processus d&rsquo;inscription. Nous vous invitons donc \u00e0 pr\u00e9parer ces documents avant de commencer \u00e0 vous inscrire.<\/p>\n<p>Pour vous inscrire par <a href=\"https:\/\/www.klikego.com\/types\/portal\/jeminscris.jsp?force-multiple=0&amp;version=v6\" target=\"_blank\" rel=\"noopener noreferrer\"><strong>klikego, clique<\/strong>z<strong> ici<\/strong><\/a><\/p>\n<p><span class=\"C-4\"><strong>Contact<\/strong> : Nicolas Tourni\u00e9\u00a0<\/span><span class=\"C-5\">:\u00a0<\/span><span class=\"C-6\">06.26.48.69.52<\/span><\/p>\n<p class=\"Profil-utilisateur P-3\">\n<p class=\"Profil-utilisateur P-3\"><em>Information communiqu\u00e9e par Marie GRANEL<\/em><\/p>\n<p>\u00a0<a href=\"https:\/\/www.o-p-i.fr\/parlonsen\/agenda\/\"><strong>Retrouvez tous les \u00e9v\u00e9nements dans l&rsquo;agenda !<\/strong><\/a><\/p>\n<p>&nbsp;<\/p>\n<p>&nbsp;<\/p>\n<p>&nbsp;<\/p>\n<p>&nbsp;<\/p>\n","protected":false},"excerpt":{"rendered":"<div class=\"mh-excerpt\">Dimanche 22 avril 2018,<\/div>\n","protected":false},"author":4,"featured_media":0,"comment_status":"open","ping_status":"open","sticky":false,"template":"","format":"standard","meta":{"om_disable_all_campaigns":false,"advanced_seo_description":"","jetpack_seo_html_title":"","jetpack_seo_noindex":false,"_jetpack_memberships_contains_paid_content":false,"footnotes":"","_links_to":"","_links_to_target":""},"categories":[52,54,53,21,3066],"tags":[2546,2617,2828,3123],"class_list":{"0":"post-35470","1":"post","2":"type-post","3":"status-publish","4":"format-standard","6":"category-parlons-en","7":"category-loisirs","8":"category-sports","9":"category-tauriac","10":"category-n-145-avril-2018-numero-de-journal","11":"tag-tauriac","12":"tag-marche-nordique","13":"tag-trail","14":"tag-inscription"},"jetpack_featured_media_url":"","views":{"total":0,"cached_at":"","cached_date":1738517701},"jetpack_likes_enabled":true,"jetpack_sharing_enabled":true,"jetpack_shortlink":"https:\/\/wp.me\/pg7Wxj-9e6","jetpack-related-posts":[],"_links":{"self":[{"href":"https:\/\/www.o-p-i.fr\/parlonsen\/wp-json\/wp\/v2\/posts\/35470","targetHints":{"allow":["GET"]}}],"collection":[{"href":"https:\/\/www.o-p-i.fr\/parlonsen\/wp-json\/wp\/v2\/posts"}],"about":[{"href":"https:\/\/www.o-p-i.fr\/parlonsen\/wp-json\/wp\/v2\/types\/post"}],"author":[{"embeddable":true,"href":"https:\/\/www.o-p-i.fr\/parlonsen\/wp-json\/wp\/v2\/users\/4"}],"replies":[{"embeddable":true,"href":"https:\/\/www.o-p-i.fr\/parlonsen\/wp-json\/wp\/v2\/comments?post=35470"}],"version-history":[{"count":0,"href":"https:\/\/www.o-p-i.fr\/parlonsen\/wp-json\/wp\/v2\/posts\/35470\/revisions"}],"wp:attachment":[{"href":"https:\/\/www.o-p-i.fr\/parlonsen\/wp-json\/wp\/v2\/media?parent=35470"}],"wp:term":[{"taxonomy":"category","embeddable":true,"href":"https:\/\/www.o-p-i.fr\/parlonsen\/wp-json\/wp\/v2\/categories?post=35470"},{"taxonomy":"post_tag","embeddable":true,"href":"https:\/\/www.o-p-i.fr\/parlonsen\/wp-json\/wp\/v2\/tags?post=35470"}],"curies":[{"name":"wp","href":"https:\/\/api.w.org\/{rel}","templated":true}]}}