{"id":35486,"date":"2018-03-29T16:47:37","date_gmt":"2018-03-29T15:47:37","guid":{"rendered":"\/parlonsen\/?p=35486"},"modified":"2018-03-29T18:12:06","modified_gmt":"2018-03-29T17:12:06","slug":"foire-du-cheval-a-monclar-de-quercy-82","status":"publish","type":"post","link":"https:\/\/www.o-p-i.fr\/parlonsen\/parlons-en\/agriculture\/foire-du-cheval-a-monclar-de-quercy-82\/","title":{"rendered":"Foire du cheval&#8230;\u00e0 Monclar de Quercy (82)"},"content":{"rendered":"<p><strong>Le samedi 14 avril 2018<\/strong>, esplanade des lacs<!--more--><br \/>\n<img data-recalc-dims=\"1\" loading=\"lazy\" decoding=\"async\" class=\"alignright wp-image-35502\" src=\"https:\/\/i0.wp.com\/www.o-p-i.fr\/parlonsen\/wp-content\/uploads\/cheval.jpg?resize=400%2C541&#038;ssl=1\" alt=\"\" width=\"400\" height=\"541\" srcset=\"https:\/\/i0.wp.com\/www.o-p-i.fr\/parlonsen\/wp-content\/uploads\/cheval.jpg?resize=222%2C300&amp;ssl=1 222w, https:\/\/i0.wp.com\/www.o-p-i.fr\/parlonsen\/wp-content\/uploads\/cheval.jpg?resize=111%2C150&amp;ssl=1 111w, https:\/\/i0.wp.com\/www.o-p-i.fr\/parlonsen\/wp-content\/uploads\/cheval.jpg?resize=400%2C541&amp;ssl=1 400w, https:\/\/i0.wp.com\/www.o-p-i.fr\/parlonsen\/wp-content\/uploads\/cheval.jpg?w=595&amp;ssl=1 595w\" sizes=\"auto, (max-width: 400px) 100vw, 400px\" \/>Entr\u00e9e Gratuite !<br \/>\nFoire aux chevaux, \u00e2nes, poneys<br \/>\nVide \u00c9curies<br \/>\nPr\u00e9sentation de Mar\u00e9chalerie<br \/>\nRestauration Midi<br \/>\nDiverses pr\u00e9sentations sur la carri\u00e8re \u2026<br \/>\nUne manifestation organis\u00e9e par l\u2019<strong><a href=\"https:\/\/www.o-p-i.fr\/aupays\/annuaire\/loisirs\/apcarm\/\" target=\"_blank\" rel=\"noopener noreferrer\">APCARM<\/a><\/strong><\/p>\n<p><strong>En marge de la Foire du Cheval:<\/strong><\/p>\n<p>Auteurs et artisans d\u2019art dans la salle polyvalente, de 10h \u00e0 17 h .<br \/>\nPlus d\u2019infos aupr\u00e8s d\u2019Autriche et Pays d\u2019Oc, Robert Linas au 06 71 00 2.9 25<br \/>\nou sur le site 7 \u00e0 lire : www.o-p-i.fr\/7alire<\/p>\n<p>Les auteurs qui participent :<\/p>\n<ul>\n<li>Jean-Pierrre MEYER<\/li>\n<li><a href=\"https:\/\/www.o-p-i.fr\/7alire\/7-a-lire-actu\/biographie-fabienne-lhoumeau\/\" target=\"_blank\" rel=\"noopener noreferrer\">Fabienne LHOUMEAU<\/a><\/li>\n<li><a href=\"https:\/\/www.o-p-i.fr\/7alire\/auteurs-contemporains\/jacqueline-boye\/\" target=\"_blank\" rel=\"noopener noreferrer\">Jacqueline BOYE<\/a><\/li>\n<li><a href=\"https:\/\/www.o-p-i.fr\/7alire\/auteurs-contemporains\/biographie-okaria-nattero-bellounat\/\" target=\"_blank\" rel=\"noopener noreferrer\">Okaria NATTERO-BELLOUNAT<\/a><\/li>\n<\/ul>\n<p>et aussi:<\/p>\n<ul>\n<li>Stand occitan du Conseil D\u00e9partemental avec Christian Pierre Bedel<\/li>\n<li>Am\u00e9d\u00e9e Sabatgier (occitan\/ fran\u00e7ais)<\/li>\n<li>Stand TG\u2019OC de Nadyne Vern Frouillou.<\/li>\n<li>Artisanat d\u2019art : Peinture sur porcelaine par Danielle Dardaillan.<\/li>\n<\/ul>\n<p>NB Les auteurs qui le souhaitent pourront s\u2019inscrire pour le 15i\u00e8me salon associ\u00e9 \u00e0 une bourse toutes collections du dimanche 26 ao\u00fbt 2018.<\/p>\n<p><em>Information communiqu\u00e9e par Robert LINAS<\/em><\/p>\n<p><a href=\"https:\/\/www.o-p-i.fr\/parlonsen\/agenda\/\"><strong>Retrouvez tous les \u00e9v\u00e9nements dans l&rsquo;agenda !<\/strong><\/a><\/p>\n<p>&nbsp;<\/p>\n","protected":false},"excerpt":{"rendered":"<div class=\"mh-excerpt\">Le samedi 14 avril 2018, esplanade des lacs<\/div>\n","protected":false},"author":4,"featured_media":0,"comment_status":"open","ping_status":"open","sticky":false,"template":"","format":"standard","meta":{"om_disable_all_campaigns":false,"advanced_seo_description":"","jetpack_seo_html_title":"","jetpack_seo_noindex":false,"_jetpack_memberships_contains_paid_content":false,"footnotes":"","_links_to":"","_links_to_target":""},"categories":[3,52,16,54,3066],"tags":[128,143,1602,1772,3124,3125,3126,3127,3128],"class_list":{"0":"post-35486","1":"post","2":"type-post","3":"status-publish","4":"format-standard","6":"category-agriculture","7":"category-parlons-en","8":"category-monclar","9":"category-loisirs","10":"category-n-145-avril-2018-numero-de-journal","11":"tag-autriche-et-pays-doc","12":"tag-monclar-de-quercy","13":"tag-vide-ecurie","14":"tag-exposition-artisanat","15":"tag-foire-du-cheval","16":"tag-marechalerie","17":"tag-equides","18":"tag-auteurs","19":"tag-tg-oc"},"jetpack_featured_media_url":"","views":{"total":0,"cached_at":"","cached_date":1738517751},"jetpack_likes_enabled":true,"jetpack_sharing_enabled":true,"jetpack_shortlink":"https:\/\/wp.me\/pg7Wxj-9em","jetpack-related-posts":[],"_links":{"self":[{"href":"https:\/\/www.o-p-i.fr\/parlonsen\/wp-json\/wp\/v2\/posts\/35486","targetHints":{"allow":["GET"]}}],"collection":[{"href":"https:\/\/www.o-p-i.fr\/parlonsen\/wp-json\/wp\/v2\/posts"}],"about":[{"href":"https:\/\/www.o-p-i.fr\/parlonsen\/wp-json\/wp\/v2\/types\/post"}],"author":[{"embeddable":true,"href":"https:\/\/www.o-p-i.fr\/parlonsen\/wp-json\/wp\/v2\/users\/4"}],"replies":[{"embeddable":true,"href":"https:\/\/www.o-p-i.fr\/parlonsen\/wp-json\/wp\/v2\/comments?post=35486"}],"version-history":[{"count":0,"href":"https:\/\/www.o-p-i.fr\/parlonsen\/wp-json\/wp\/v2\/posts\/35486\/revisions"}],"wp:attachment":[{"href":"https:\/\/www.o-p-i.fr\/parlonsen\/wp-json\/wp\/v2\/media?parent=35486"}],"wp:term":[{"taxonomy":"category","embeddable":true,"href":"https:\/\/www.o-p-i.fr\/parlonsen\/wp-json\/wp\/v2\/categories?post=35486"},{"taxonomy":"post_tag","embeddable":true,"href":"https:\/\/www.o-p-i.fr\/parlonsen\/wp-json\/wp\/v2\/tags?post=35486"}],"curies":[{"name":"wp","href":"https:\/\/api.w.org\/{rel}","templated":true}]}}