{"id":35520,"date":"2018-03-29T22:48:43","date_gmt":"2018-03-29T21:48:43","guid":{"rendered":"\/parlonsen\/?p=35520"},"modified":"2018-03-29T23:01:50","modified_gmt":"2018-03-29T22:01:50","slug":"armand-boisard-a-salvagnac-81","status":"publish","type":"post","link":"https:\/\/www.o-p-i.fr\/parlonsen\/localisation\/au-pays-des-tescous\/salvagnac\/armand-boisard-a-salvagnac-81\/","title":{"rendered":"Armand Boisard&#8230;\u00e0 Salvagnac (81)"},"content":{"rendered":"<div class=\"mceTemp\">\u00a0<strong>Samedi 7 avril\u00a02018<\/strong>,\u00a0 \u00e0 partir de 19h.30 au Galetas.<!--more--><br \/>\n<img data-recalc-dims=\"1\" loading=\"lazy\" decoding=\"async\" class=\"alignright size-full wp-image-35521\" src=\"https:\/\/i0.wp.com\/www.o-p-i.fr\/parlonsen\/wp-content\/uploads\/Galetas-1.jpg?resize=559%2C406&#038;ssl=1\" alt=\"\" width=\"559\" height=\"406\" srcset=\"https:\/\/i0.wp.com\/www.o-p-i.fr\/parlonsen\/wp-content\/uploads\/Galetas-1.jpg?w=559&amp;ssl=1 559w, https:\/\/i0.wp.com\/www.o-p-i.fr\/parlonsen\/wp-content\/uploads\/Galetas-1.jpg?resize=300%2C218&amp;ssl=1 300w, https:\/\/i0.wp.com\/www.o-p-i.fr\/parlonsen\/wp-content\/uploads\/Galetas-1.jpg?resize=150%2C109&amp;ssl=1 150w, https:\/\/i0.wp.com\/www.o-p-i.fr\/parlonsen\/wp-content\/uploads\/Galetas-1.jpg?resize=400%2C291&amp;ssl=1 400w\" sizes=\"auto, (max-width: 559px) 100vw, 559px\" \/>REPAS MAISON (SUR R\u00c9SERVATION) \u00c0 19H30 : 7,50 \u20ac (5,00 \u20ac POUR LES -10 ANS)<br \/>\nR\u00c9SERVATION OBLIGATOIRE POUR LE REPAS AU : 06 78 30 92 81<\/div>\n<p>CONCERT \u00c0 21H00 : 7,50 \u20ac (GRATUIT POUR LES -10 ANS)<\/p>\n<p style=\"text-align: center;\"><strong>ARMAND BOISARD<\/strong><br \/>\nChanson fran\u00e7aise en anglais<br \/>\nMostly Noise c&rsquo;est de la chanson fran\u00e7aise&#8230; en anglais.<br \/>\nUn r\u00e9pertoire 100 % original, \u00e9cho moderne aux Beatles, ou encore \u00e0 Peter Gabriel et Sting. Un univers surr\u00e9aliste et sensible port\u00e9 par des m\u00e9lodies qui ne vous quitteront plus si t\u00f4t que vous les entendrez, tel \u00ab The Yellow Side of Me \u00bb dont le clip est sorti cet \u00e9t\u00e9 2017.<\/p>\n<p style=\"text-align: left;\">\n","protected":false},"excerpt":{"rendered":"<div class=\"mh-excerpt\">\u00a0Samedi 7 avril\u00a02018,\u00a0 \u00e0 partir de 19h.30 au Galetas.<\/div>\n","protected":false},"author":4,"featured_media":0,"comment_status":"open","ping_status":"open","sticky":false,"template":"","format":"standard","meta":{"om_disable_all_campaigns":false,"advanced_seo_description":"","jetpack_seo_html_title":"","jetpack_seo_noindex":false,"_jetpack_memberships_contains_paid_content":false,"footnotes":"","_links_to":"","_links_to_target":""},"categories":[54,25,3066],"tags":[1319,2641,3068,2548],"class_list":{"0":"post-35520","1":"post","2":"type-post","3":"status-publish","4":"format-standard","6":"category-loisirs","7":"category-salvagnac","8":"category-n-145-avril-2018-numero-de-journal","9":"tag-le-galetas","10":"tag-repas-concert","11":"tag-soiree-concert","12":"tag-salvagnac"},"jetpack_featured_media_url":"","views":{"total":0,"cached_at":"","cached_date":1738517855},"jetpack_likes_enabled":true,"jetpack_sharing_enabled":true,"jetpack_shortlink":"https:\/\/wp.me\/pg7Wxj-9eU","jetpack-related-posts":[],"_links":{"self":[{"href":"https:\/\/www.o-p-i.fr\/parlonsen\/wp-json\/wp\/v2\/posts\/35520","targetHints":{"allow":["GET"]}}],"collection":[{"href":"https:\/\/www.o-p-i.fr\/parlonsen\/wp-json\/wp\/v2\/posts"}],"about":[{"href":"https:\/\/www.o-p-i.fr\/parlonsen\/wp-json\/wp\/v2\/types\/post"}],"author":[{"embeddable":true,"href":"https:\/\/www.o-p-i.fr\/parlonsen\/wp-json\/wp\/v2\/users\/4"}],"replies":[{"embeddable":true,"href":"https:\/\/www.o-p-i.fr\/parlonsen\/wp-json\/wp\/v2\/comments?post=35520"}],"version-history":[{"count":0,"href":"https:\/\/www.o-p-i.fr\/parlonsen\/wp-json\/wp\/v2\/posts\/35520\/revisions"}],"wp:attachment":[{"href":"https:\/\/www.o-p-i.fr\/parlonsen\/wp-json\/wp\/v2\/media?parent=35520"}],"wp:term":[{"taxonomy":"category","embeddable":true,"href":"https:\/\/www.o-p-i.fr\/parlonsen\/wp-json\/wp\/v2\/categories?post=35520"},{"taxonomy":"post_tag","embeddable":true,"href":"https:\/\/www.o-p-i.fr\/parlonsen\/wp-json\/wp\/v2\/tags?post=35520"}],"curies":[{"name":"wp","href":"https:\/\/api.w.org\/{rel}","templated":true}]}}