{"id":35550,"date":"2018-04-06T06:26:20","date_gmt":"2018-04-06T05:26:20","guid":{"rendered":"\/parlonsen\/?p=35550"},"modified":"2018-04-06T06:26:20","modified_gmt":"2018-04-06T05:26:20","slug":"en-avril-au-colombier-les-cabannes-81","status":"publish","type":"post","link":"https:\/\/www.o-p-i.fr\/parlonsen\/localisation\/a-cote-de-chez-nous\/en-avril-au-colombier-les-cabannes-81\/","title":{"rendered":"En avril, au Colombier&#8230;Les Cabannes (81)"},"content":{"rendered":"<p>Musique, cin\u00e9ma, contes, marionettes &#8230;<!--more--><\/p>\n<ul>\n<li><strong>Samedi 7 avril 2018<\/strong> \u00e0 17 h 30<\/li>\n<\/ul>\n<p><strong>Musiques d&rsquo;Am\u00e9rique Latine<\/strong><br \/>\nConservatoire de Musique du Tarn, Antenne d&rsquo;ALBAN<br \/>\nLes \u00e9l\u00e8ves et les professeurs de l&rsquo;antenne d&rsquo;Aban (+ de 50 musiciens) sont heureux de vous pr\u00e9senter et de vous faire d\u00e9couvrir la musique d&rsquo;Am\u00e9rique Latine avec des morceaux et chants du Mexique, Br\u00e9sil, Colombie, Bolivie, P\u00e9rou, Argentine etc.<br \/>\nVenez \u00e9couter les violons, harpes, guitares, pianos, clarinettes, fl\u00fbtes, accord\u00e9ons \u2026<br \/>\nENTREE GRATUITE<br \/>\nTout public<br \/>\nDur\u00e9e : 1 heure<br \/>\nPAS DE RESERVATION<\/p>\n<ul>\n<li><strong>Jeudi 12 avril 2018<\/strong> \u00e0 20 h 30<\/li>\n<\/ul>\n<p>Cin\u00e9ma : BELLE et SEBASTIEN 3 de Clovis Cornillac avec F\u00e9lix Bossuet, Tch\u00e9ky Karyo, Clovis Cornillac<br \/>\nDeux ans ont pass\u00e9. S\u00e9bastien est \u00e0 l&rsquo;aube de l&rsquo;adolescence et Belle est devenue maman de trois adorables chiots. Pierre et Angelina sont sur le point de se marier et r\u00eavent d&rsquo;une nouvelle vie, ailleurs\u2026 Au grand dam de S\u00e9bastien qui refuse de quitter sa montagne.<br \/>\nLorsque Joseph, l&rsquo;ancien ma\u00eetre de Belle, resurgit bien d\u00e9cid\u00e9 \u00e0 r\u00e9cup\u00e9rer sa chienne, S\u00e9bastien se retrouve face \u00e0 une terrible menace. Plus que jamais, il va devoir tout mettre en \u0153uvre pour prot\u00e9ger son amie et ses petits\u2026<br \/>\nDur\u00e9e : 1 h 30 Tout public<br \/>\nTarifs : 5 \u20ac (r\u00e9duit : 4 \u20ac) Pas de r\u00e9servation<\/p>\n<ul>\n<li><strong>Vendredi 13 avril 2018<\/strong> \u00e0 19 h<\/li>\n<\/ul>\n<p>Soir\u00e9e de lancement de la<strong> 47\u00e8me \u00e9dition du Festival Musique sur Ciel<\/strong><br \/>\nAntoine Pecqueur, directeur artistique du festival et Sylvie Gerin, pr\u00e9sidente de l&rsquo;ACADOC, d\u00e9voileront la programmation du festival 2018.<br \/>\nCette pr\u00e9sentation sera suivie d&rsquo;un moment musical avec Antoine Pecqueur, basson et Pierre Charles, violoncelle.<br \/>\nLes adh\u00e9rents et futurs adh\u00e9rents ACADOC sont les bienvenus. (05 63 56 00 75)<\/p>\n<ul>\n<li>Du <strong>samedi 14 au mercredi 18 avril 2018<\/strong><\/li>\n<\/ul>\n<p>Stage et concerts par <strong>Les Harpes de Taranis<\/strong><\/p>\n<ul>\n<li>Du <strong>14 au 17 avril 2018<\/strong><\/li>\n<\/ul>\n<p><strong>Deuxi\u00e8me festival de printemps de harpe celtique<\/strong> organis\u00e9 par l&rsquo;association \u00ab Les Harpes de Taranis \u00bb. Cette association implant\u00e9e dans le Tarn, enseigne \u00e0 Gaillac, Albi, Castres, Vindrac, Graulhet, Lautrec, Brassac ; elle a d\u00e9cid\u00e9 de reconduire le stage de printemps dans le pays cordais.<br \/>\nAu programme : des concerts ouverts au public \u00e0 20H30 (dimanche15 avec Morgane Le Cuff, lundi 16 avec Salomon, mardi 17 avec Elisa Vellia )<br \/>\nLa harpe celtique confront\u00e9e au chant avec des harpistes de renomm\u00e9e : Salomon, musique h\u00e9bra\u00efque et Klesmer, Elisa Vellia, musique grecque et Morgane Le Cuff, musique bretonne et asturienne, invit\u00e9s fid\u00e8les des Rencontres internationales de harpes celtiques de Dinan.<br \/>\nConcerts du soir : 7 euros\/ 5 euros tarif r\u00e9duit et 15 euros (forfait pour les trois soir\u00e9es). Ces concerts permettent de d\u00e9couvrir toutes les nuances du chant accompagn\u00e9 \u00e0 la harpe celtique et de financer ce projet d&rsquo;enseignement li\u00e9 \u00e0 cet instrument.<br \/>\nNum\u00e9ro de r\u00e9servation 06 15 93 20 90.<\/p>\n<ul>\n<li><strong>Samedi 21 avril 2018<\/strong> \u00e0 19 h<\/li>\n<\/ul>\n<p>F E T pr\u00e9sente deux pi\u00e8ces en langue anglaise : \u200bINVISIBLE WOMAN et Miss WILSON&rsquo;S WATERLOO<br \/>\nPour sa premi\u00e8re soir\u00e9e de 2018, l&rsquo;association Friends of English Theatre (FET) propose un programme double.<br \/>\nEn d\u00e9but de soir\u00e9e, Invisible Woman, \u00e9crit et pr\u00e9sent\u00e9 par la com\u00e9dienne Kate Cook, qui raconte les exp\u00e9riences d\u00e9coiffantes et parfois hilarantes d&rsquo;une jeune femme anglaise pendant la deuxi\u00e8me guerre mondiale.<br \/>\nEn deuxi\u00e8me partie, l&rsquo;histoire d&rsquo;une autre femme, Harriette Wilson, qui fut la maitresse de celui qu&rsquo;on nommait \u201cthe Iron Duke\u201d, le duc de Wellington, le vainqueur de Waterloo.<br \/>\nPour r\u00e9server et pour toute information suppl\u00e9mentaire, contactez FET directement par mail : <strong><a href=\"mailto:fetatlecolombier@gmail.com\">fetatlecolombier@gmail.com<\/a><\/strong><br \/>\n(Le Colombier ne prend pas les r\u00e9servations).\u00a0Site web de l&rsquo;association FET : <a href=\"http:\/\/www.fetatlecolombier.com\" target=\"_blank\" rel=\"noopener noreferrer\">www.fetatlecolombier.com<\/a><\/p>\n<ul>\n<li><strong>Dimanche 29 avril 2018<\/strong>\u00a0 \u00e0 15 h 30<\/li>\n<\/ul>\n<p><strong>CONTES \u00e0 L&rsquo;ENFANT PAS SAGE<\/strong> \u200bpar la Compagnie VORACES<br \/>\nOui ! \u00ab Raconte-moi une histoire \u00bb est sans doute la phrase que nous avons pr\u00e9f\u00e9r\u00e9e dire dans notre enfance, celle qui nous marque, la premi\u00e8re porte vers l&rsquo;imaginaire.<br \/>\nLe premier volet de la s\u00e9rie Les Histoires de P&rsquo;tit Tom (Contes \u00e0 l&rsquo;enfant pas sage) est consacr\u00e9 \u00e0 revisiter des contes traditionnels, par le prisme du quotidien du h\u00e9ros-marionnette P&rsquo;tit Tom. Jouer avec les r\u00e9f\u00e9rences, les codes, s&rsquo;autoriser des anachronismes et se r\u00e9galer des \u00e9motions afin de partager avec les spectateurs, \u00e0 partir de 5 ans, le go\u00fbt d&rsquo;un imaginaire nourri de culture commune, en conte, th\u00e9\u00e2tre, musique et marionnette.<br \/>\nMais lesquels ?<br \/>\nLe Petit Chaperon Rouge &#8211; Barbe Bleue &#8211; Les Trois Petits Cochons &#8211; Les Musiciens de la ville de Br\u00eame &#8211; Patouff\u00e8t\u2026<br \/>\nSeulement des contes ?<br \/>\nNon, pas seulement. Avant le conte, il y a celui \u00e0 qui l&rsquo;on conte, le privil\u00e9gi\u00e9 qui va entendre l&rsquo;histoire, et la raison pour laquelle cette histoire lui est racont\u00e9e.<br \/>\nIci, P&rsquo;tit Tom, gar\u00e7on-marionnette d&rsquo;environ huit ans, f\u00e9ru d&rsquo;histoires et enclin aux b\u00eatises, vit les \u00e9pisodes de sa vie d&rsquo;enfant\u2026 Comme dans la vie, l&rsquo;enfant bouscule les adultes-conteurs, qui doivent alors (s&rsquo;) adapter, (se) r\u00e9inventer. L&rsquo;entr\u00e9e dans les r\u00e9cits est une r\u00e9ponse \u00e0 la situation, car on ne raconte pas n&rsquo;importe quelle histoire \u00e0 n&rsquo;importe quel moment !<br \/>\nNos contes \u00e0 cet enfant, pas toujours sage, r\u00e9pondent \u00e0 une \u00e9motion imm\u00e9diate, une interrogation, un \u00e9pisode ou un accident de la vie. C&rsquo;est ce rendez-vous entre moments de vie et histoires que nous explorons. Spectateur-acteur privil\u00e9gi\u00e9, P&rsquo;tit Tom est le v\u00e9ritable \u00ab h\u00e9ros \u00bb de tous les \u00e9pisodes.<br \/>\nParce qu&rsquo;un enfant particulier nous sollicite, nous transmettons, au-del\u00e0 d&rsquo;une histoire, notre propre humanit\u00e9\u2026<br \/>\nConception, interpr\u00e9tation : C\u00e9line Cohen, Wilfried Tisseyre Avec la complicit\u00e9 et le regard de : R\u00e9gis Goudot Marionnette, toile : Sha Presseq<\/p>\n<div><strong>Th\u00e9\u00e2tre le Colombier<\/strong><br \/>\n<a href=\"https:\/\/maps.google.com\/?q=8+rue+des+Tanneries+81170&amp;entry=gmail&amp;source=g\">8 rue des Tanneries 81170<\/a>\u00a0Les Cabannes &#8211; Cordes sur Ciel<br \/>\n07 83 26 33 11 &#8211;\u00a0<a href=\"mailto:contact@theatrelecolombier.fr\" target=\"_blank\" rel=\"noopener noreferrer\">contact@theatrelecolombier.fr<\/a><br \/>\n<a href=\"http:\/\/www.theatrelecolombier.fr\/\" target=\"_blank\" rel=\"noopener noreferrer\" data-saferedirecturl=\"https:\/\/www.google.com\/url?hl=fr&amp;q=http:\/\/www.theatrelecolombier.fr&amp;source=gmail&amp;ust=1523078475916000&amp;usg=AFQjCNGUDsIbOG4k8S4dyhl96oZlF083fQ\">www.theatrelecolombier.fr<\/a><\/div>\n<div><u><strong>RESERVATIONS\u00a0<\/strong><strong>: 07 83 26 33 11<\/strong><\/u><\/div>\n<div><\/div>\n<div>Information communiqu\u00e9e par \u00ab\u00a0Le Colombier\u00a0\u00bb<\/div>\n<div><\/div>\n<p>&nbsp;<\/p>\n","protected":false},"excerpt":{"rendered":"<div class=\"mh-excerpt\">Musique, cin\u00e9ma, contes, marionettes &#8230;<\/div>\n","protected":false},"author":4,"featured_media":0,"comment_status":"open","ping_status":"open","sticky":false,"template":"","format":"standard","meta":{"om_disable_all_campaigns":false,"advanced_seo_description":"","jetpack_seo_html_title":"","jetpack_seo_noindex":false,"_jetpack_memberships_contains_paid_content":false,"footnotes":"","_links_to":"","_links_to_target":""},"categories":[42,54,3066],"tags":[43,57,754],"class_list":{"0":"post-35550","1":"post","2":"type-post","3":"status-publish","4":"format-standard","6":"category-a-cote-de-chez-nous","7":"category-loisirs","8":"category-n-145-avril-2018-numero-de-journal","9":"tag-concert","10":"tag-theatre","11":"tag-les-cabannes"},"jetpack_featured_media_url":"","views":{"total":0,"cached_at":"","cached_date":1738517772},"jetpack_likes_enabled":true,"jetpack_sharing_enabled":true,"jetpack_shortlink":"https:\/\/wp.me\/pg7Wxj-9fo","jetpack-related-posts":[],"_links":{"self":[{"href":"https:\/\/www.o-p-i.fr\/parlonsen\/wp-json\/wp\/v2\/posts\/35550","targetHints":{"allow":["GET"]}}],"collection":[{"href":"https:\/\/www.o-p-i.fr\/parlonsen\/wp-json\/wp\/v2\/posts"}],"about":[{"href":"https:\/\/www.o-p-i.fr\/parlonsen\/wp-json\/wp\/v2\/types\/post"}],"author":[{"embeddable":true,"href":"https:\/\/www.o-p-i.fr\/parlonsen\/wp-json\/wp\/v2\/users\/4"}],"replies":[{"embeddable":true,"href":"https:\/\/www.o-p-i.fr\/parlonsen\/wp-json\/wp\/v2\/comments?post=35550"}],"version-history":[{"count":0,"href":"https:\/\/www.o-p-i.fr\/parlonsen\/wp-json\/wp\/v2\/posts\/35550\/revisions"}],"wp:attachment":[{"href":"https:\/\/www.o-p-i.fr\/parlonsen\/wp-json\/wp\/v2\/media?parent=35550"}],"wp:term":[{"taxonomy":"category","embeddable":true,"href":"https:\/\/www.o-p-i.fr\/parlonsen\/wp-json\/wp\/v2\/categories?post=35550"},{"taxonomy":"post_tag","embeddable":true,"href":"https:\/\/www.o-p-i.fr\/parlonsen\/wp-json\/wp\/v2\/tags?post=35550"}],"curies":[{"name":"wp","href":"https:\/\/api.w.org\/{rel}","templated":true}]}}