{"id":356,"date":"2009-09-02T20:38:52","date_gmt":"2009-09-02T18:38:52","guid":{"rendered":"\/parlonsen\/?p=356"},"modified":"2010-02-01T23:30:40","modified_gmt":"2010-02-01T21:30:40","slug":"la-msa-tarn-aveyron-lot-soutien-les-initiatives-locales","status":"publish","type":"post","link":"https:\/\/www.o-p-i.fr\/parlonsen\/parlons-en\/culture\/la-msa-tarn-aveyron-lot-soutien-les-initiatives-locales\/","title":{"rendered":"La MSA Tarn-Aveyron-Lot soutien les initiatives locales"},"content":{"rendered":"<p>La MSA t.a.l. souhaite encourager les dynamiques locales d&rsquo;animation des territoires et conforter les initiatives favorisant le lien social dans les zones rurales les plus isol\u00e9es. Dix cantons ont \u00e9t\u00e9 retenu pour le Tarn parmi lesquels Castelnau de Montmiral et Salvagnac, au pays des Tescou&rsquo;s.<\/p>\n<p><!--more--><\/p>\n<p>Par ce dispositif d&rsquo;accompagnement, la MSA\u00a0aide l&rsquo;\u00e9mergence de projets, port\u00e9s par des associations dont les acteurs principaux sont les habitants de nos villages. La MSA privil\u00e9gie les activit\u00e9s sociales d&rsquo;int\u00e9r\u00eat g\u00e9n\u00e9ral, l&rsquo;animation et les loisirs des enfants et des jeunes, l&rsquo;interg\u00e9n\u00e9ration, la pr\u00e9vention sant\u00e9, l&rsquo;am\u00e9nagement du cadre de vie et\/ou l&rsquo;accessibilit\u00e9 des personnes handicap\u00e9es. Le montant maximum de l&rsquo;aide s&rsquo;\u00e9l\u00e9vera \u00e0 1000 euros.<\/p>\n<p>Les dossiers de candidature devront \u00eatre adress\u00e9s au \u00ab\u00a0service action sociale\u00a0\u00bb de la MSA, 14 rue de Ciron 81017 ALBI cedex 9, avant le 16 novembre 2009.<br \/>\nPour en savoir plus, vous pouvez contacter Fran\u00e7oise TELLIER, assistante sociale, Antenne MSA de GAILLAC, 33 rue Joseph Rigal (t\u00e9l 05 63 57\u00a0\u00a047 64) ou Guylaine PASTOR \u00e0 ALBI (t\u00e9l 05 63 48 40 27)<\/p>\n","protected":false},"excerpt":{"rendered":"<div class=\"mh-excerpt\">La MSA t.a.l. souhaite encourager les dynamiques locales d&rsquo;animation des territoires et conforter les initiatives favorisant le lien social dans les zones rurales les plus isol\u00e9es. Dix cantons ont \u00e9t\u00e9 retenu pour le Tarn parmi <a class=\"mh-excerpt-more\" href=\"https:\/\/www.o-p-i.fr\/parlonsen\/parlons-en\/culture\/la-msa-tarn-aveyron-lot-soutien-les-initiatives-locales\/\" title=\"La MSA Tarn-Aveyron-Lot soutien les initiatives locales\">[&#8230;]<\/a><\/div>\n","protected":false},"author":4,"featured_media":0,"comment_status":"open","ping_status":"open","sticky":false,"template":"","format":"standard","meta":{"om_disable_all_campaigns":false,"advanced_seo_description":"","jetpack_seo_html_title":"","jetpack_seo_noindex":false,"_jetpack_memberships_contains_paid_content":false,"footnotes":"","_links_to":"","_links_to_target":""},"categories":[28,22,1,24,31,32,35,6,18,25,21,9],"tags":[304,136,161],"class_list":{"0":"post-356","1":"post","2":"type-post","3":"status-publish","4":"format-standard","6":"category-beauvais-sur-tescou","7":"category-castelnau","8":"category-culture","9":"category-la-sauziere-saint-jean","10":"category-montgaillard","11":"category-montdurausse","12":"category-montvalen","13":"category-pratique","14":"category-saint-urcisse","15":"category-salvagnac","16":"category-tauriac","17":"category-n_42","18":"tag-msa","19":"tag-aide","20":"tag-tarn"},"jetpack_featured_media_url":"","views":{"total":1,"cached_at":"","cached_date":1738516888},"jetpack_likes_enabled":true,"jetpack_sharing_enabled":true,"jetpack_shortlink":"https:\/\/wp.me\/pg7Wxj-5K","jetpack-related-posts":[],"_links":{"self":[{"href":"https:\/\/www.o-p-i.fr\/parlonsen\/wp-json\/wp\/v2\/posts\/356","targetHints":{"allow":["GET"]}}],"collection":[{"href":"https:\/\/www.o-p-i.fr\/parlonsen\/wp-json\/wp\/v2\/posts"}],"about":[{"href":"https:\/\/www.o-p-i.fr\/parlonsen\/wp-json\/wp\/v2\/types\/post"}],"author":[{"embeddable":true,"href":"https:\/\/www.o-p-i.fr\/parlonsen\/wp-json\/wp\/v2\/users\/4"}],"replies":[{"embeddable":true,"href":"https:\/\/www.o-p-i.fr\/parlonsen\/wp-json\/wp\/v2\/comments?post=356"}],"version-history":[{"count":0,"href":"https:\/\/www.o-p-i.fr\/parlonsen\/wp-json\/wp\/v2\/posts\/356\/revisions"}],"wp:attachment":[{"href":"https:\/\/www.o-p-i.fr\/parlonsen\/wp-json\/wp\/v2\/media?parent=356"}],"wp:term":[{"taxonomy":"category","embeddable":true,"href":"https:\/\/www.o-p-i.fr\/parlonsen\/wp-json\/wp\/v2\/categories?post=356"},{"taxonomy":"post_tag","embeddable":true,"href":"https:\/\/www.o-p-i.fr\/parlonsen\/wp-json\/wp\/v2\/tags?post=356"}],"curies":[{"name":"wp","href":"https:\/\/api.w.org\/{rel}","templated":true}]}}