{"id":3561,"date":"2010-04-27T12:50:59","date_gmt":"2010-04-27T10:50:59","guid":{"rendered":"\/parlonsen\/?p=3561"},"modified":"2010-04-28T09:05:52","modified_gmt":"2010-04-28T07:05:52","slug":"constructions-en-terre-crue-appel-a-temoin","status":"publish","type":"post","link":"https:\/\/www.o-p-i.fr\/parlonsen\/parlons-en\/pratique\/constructions-en-terre-crue-appel-a-temoin\/","title":{"rendered":"Constructions en Terre Crue &#8230; appel \u00e0 t\u00e9moin !"},"content":{"rendered":"<p style=\"text-align: justify;\">Afin d&rsquo;approfondir nos recherches sur les <span style=\"color: #ff6600;\"><strong>constructions en terre crue du territoire du Pays Midi-Quercy<\/strong><\/span>, Sandrine Ruefly, charg\u00e9e de mission <span style=\"color: #ff6600;\"><strong>Inventaire du patrimoine<\/strong><\/span> souhaiterait rencontrer des t\u00e9moins de chantiers de construction en terre crue afin de collecter des informations.<!--more--><\/p>\n<div class=\"mceTemp\" style=\"text-align: justify;\">\n<dl id=\"attachment_3562\" class=\"wp-caption alignleft\" style=\"width: 439px;\">\n<dt class=\"wp-caption-dt\"><img data-recalc-dims=\"1\" loading=\"lazy\" decoding=\"async\" class=\"size-full wp-image-3562 \" title=\"Appel \u00e0 T\u00e9moins - Terre Crue\" src=\"https:\/\/i0.wp.com\/www.o-p-i.fr\/parlonsen\/wp-content\/uploads\/appel-temoin-terrecrue.jpg?resize=429%2C604&#038;ssl=1\" alt=\"Appel \u00e0 T\u00e9moins - Terre Crue\" width=\"429\" height=\"604\" \/><\/dt>\n<dd class=\"wp-caption-dd\">Appel \u00e0 T\u00e9moins &#8211; Terre Crue<\/dd>\n<\/dl>\n<\/div>\n<p style=\"text-align: justify;\"><em> Le syndicat mixte du Pays Midi-Quercy r\u00e9alise\u00a0 l\u2019inventaire du patrimoine b\u00e2ti de son territoire et s\u2019int\u00e9resse plus particuli\u00e8rement aux constructions en terre crue, dans le cadre d\u2019une \u00e9tude th\u00e9matique.<\/em><\/p>\n<p style=\"text-align: justify;\"><em>L\u2019objectif \u00e9tant de mieux conna\u00eetre les techniques de mise en \u0153uvre, les outils utilis\u00e9s et le d\u00e9roulement des chantiers. Les maisons, les demeures, les fermes, les d\u00e9pendances agricoles, les pigeonniers, construits en brique de terre crue, \u00abpaillebarte\u00bb, ou bauge, pis\u00e9 et torchis font l\u2019objet de l\u2019\u00e9tude.<\/em><\/p>\n<p style=\"text-align: justify;\"><em>Aujourd\u2019hui, le service inventaire du patrimoine du Pays Midi-Quercy lance un appel \u00e0 t\u00e9moignages aupr\u00e8s des habitants afin de recueillir leurs souvenirs li\u00e9s aux m\u00e9thodes de construction en terre crue.<br \/>\nQu\u2019il s\u2019agisse d\u2019informations historiques ou d\u2019anecdotes de personnes ayant particip\u00e9 ou assist\u00e9 \u00e0 ces constructions, toute contribution peut aider \u00e0 comprendre et \u00e0 pr\u00e9server ce savoir-faire traditionnel.<\/em><\/p>\n<p style=\"text-align: justify;\"><span style=\"color: #ff6600;\"><strong>Contact : Sandrine RUEFLY<\/strong><\/span><br \/>\nCharg\u00e9e de mission Inventaire,<br \/>\nSyndicat Mixte du Pays Midi-quercy<br \/>\nPlace de la Poste, Av. du P\u00e8re Huc<br \/>\n82160 CAYLUS<\/p>\n<p style=\"text-align: justify;\">T\u00e9l. :\u00a0 05.63.67.74.95<\/p>\n<p style=\"text-align: justify;\">Courriel :\u00a0 <a href=\"mailto:ruefly.inventaire-pmq@orange.fr\">ruefly.inventaire-pmq@orange.fr<\/a><\/p>\n<p style=\"text-align: justify;\">Site : <a title=\"Ouvre le site dans une nouvelle fen\u00eatre\" href=\"http:\/\/www.midi-quercy.fr\" target=\"_blank\">www.midi-quercy.fr<\/a><\/p>\n<p>Soyez curieux, visionnez les donn\u00e9es de l&rsquo;inventaire : <a title=\"Ouvre le site dans une nouvelle fen\u00eatre\" href=\"http:\/\/patrimoines.midipyrenees.fr\/fr\/connaitre\/index.html\" target=\"_blank\">http:\/\/patrimoines.midipyrenees.fr\/fr\/connaitre\/index.html<\/a><\/p>\n<p style=\"text-align: justify;\"><em>Communiqu\u00e9 de Sandrine Pradier.<\/em><\/p>\n","protected":false},"excerpt":{"rendered":"<div class=\"mh-excerpt\">Afin d&rsquo;approfondir nos recherches sur les constructions en terre crue du territoire du Pays Midi-Quercy, Sandrine Ruefly, charg\u00e9e de mission Inventaire du patrimoine souhaiterait rencontrer des t\u00e9moins de chantiers de construction en terre crue afin <a class=\"mh-excerpt-more\" href=\"https:\/\/www.o-p-i.fr\/parlonsen\/parlons-en\/pratique\/constructions-en-terre-crue-appel-a-temoin\/\" title=\"Constructions en Terre Crue &#8230; appel \u00e0 t\u00e9moin !\">[&#8230;]<\/a><\/div>\n","protected":false},"author":2,"featured_media":0,"comment_status":"open","ping_status":"open","sticky":false,"template":"","format":"standard","meta":{"om_disable_all_campaigns":false,"advanced_seo_description":"","jetpack_seo_html_title":"","jetpack_seo_noindex":false,"_jetpack_memberships_contains_paid_content":false,"footnotes":"","_links_to":"","_links_to_target":""},"categories":[51,29,34,30,16,6,33,447],"tags":[108,228,229,500],"class_list":{"0":"post-3561","1":"post","2":"type-post","3":"status-publish","4":"format-standard","6":"category-artisanat","7":"category-genebrieres","8":"category-salvetat","9":"category-leojac","10":"category-monclar","11":"category-pratique","12":"category-puygaillard-de-quercy","13":"category-n-48-avril-2010","14":"tag-terre","15":"tag-patrimoine","16":"tag-midi-quercy","17":"tag-inventaire"},"jetpack_featured_media_url":"","views":{"total":0,"cached_at":"","cached_date":1738344221},"jetpack_likes_enabled":true,"jetpack_sharing_enabled":true,"jetpack_shortlink":"https:\/\/wp.me\/pg7Wxj-Vr","jetpack-related-posts":[],"_links":{"self":[{"href":"https:\/\/www.o-p-i.fr\/parlonsen\/wp-json\/wp\/v2\/posts\/3561","targetHints":{"allow":["GET"]}}],"collection":[{"href":"https:\/\/www.o-p-i.fr\/parlonsen\/wp-json\/wp\/v2\/posts"}],"about":[{"href":"https:\/\/www.o-p-i.fr\/parlonsen\/wp-json\/wp\/v2\/types\/post"}],"author":[{"embeddable":true,"href":"https:\/\/www.o-p-i.fr\/parlonsen\/wp-json\/wp\/v2\/users\/2"}],"replies":[{"embeddable":true,"href":"https:\/\/www.o-p-i.fr\/parlonsen\/wp-json\/wp\/v2\/comments?post=3561"}],"version-history":[{"count":0,"href":"https:\/\/www.o-p-i.fr\/parlonsen\/wp-json\/wp\/v2\/posts\/3561\/revisions"}],"wp:attachment":[{"href":"https:\/\/www.o-p-i.fr\/parlonsen\/wp-json\/wp\/v2\/media?parent=3561"}],"wp:term":[{"taxonomy":"category","embeddable":true,"href":"https:\/\/www.o-p-i.fr\/parlonsen\/wp-json\/wp\/v2\/categories?post=3561"},{"taxonomy":"post_tag","embeddable":true,"href":"https:\/\/www.o-p-i.fr\/parlonsen\/wp-json\/wp\/v2\/tags?post=3561"}],"curies":[{"name":"wp","href":"https:\/\/api.w.org\/{rel}","templated":true}]}}