{"id":35626,"date":"2018-04-11T09:44:11","date_gmt":"2018-04-11T08:44:11","guid":{"rendered":"\/parlonsen\/?p=35626"},"modified":"2018-04-11T09:44:11","modified_gmt":"2018-04-11T08:44:11","slug":"expo-causerie-concert-a-puygaillard-de-quercy-82","status":"publish","type":"post","link":"https:\/\/www.o-p-i.fr\/parlonsen\/localisation\/au-pays-des-tescous\/puygaillard-de-quercy\/expo-causerie-concert-a-puygaillard-de-quercy-82\/","title":{"rendered":"Expo-causerie-concert&#8230;\u00e0 Puygaillard de Quercy (82)"},"content":{"rendered":"<p><strong>Samedi 14 Avril 2018<\/strong> \u00e0 20h30 \u00e0 \u00ab\u00a0Les Granges Tourondel\u00a0\u00bb\u00a0<!--more--><img data-recalc-dims=\"1\" loading=\"lazy\" decoding=\"async\" class=\"alignright size-full wp-image-35627\" src=\"https:\/\/i0.wp.com\/www.o-p-i.fr\/parlonsen\/wp-content\/uploads\/dejouke.jpg?resize=425%2C616&#038;ssl=1\" alt=\"\" width=\"425\" height=\"616\" srcset=\"https:\/\/i0.wp.com\/www.o-p-i.fr\/parlonsen\/wp-content\/uploads\/dejouke.jpg?w=425&amp;ssl=1 425w, https:\/\/i0.wp.com\/www.o-p-i.fr\/parlonsen\/wp-content\/uploads\/dejouke.jpg?resize=207%2C300&amp;ssl=1 207w, https:\/\/i0.wp.com\/www.o-p-i.fr\/parlonsen\/wp-content\/uploads\/dejouke.jpg?resize=103%2C150&amp;ssl=1 103w, https:\/\/i0.wp.com\/www.o-p-i.fr\/parlonsen\/wp-content\/uploads\/dejouke.jpg?resize=400%2C580&amp;ssl=1 400w\" sizes=\"auto, (max-width: 425px) 100vw, 425px\" \/><br \/>\n<strong>Expo-Causerie-Concert\u00a0 <\/strong>\u00a0<strong>SOIREE \u00ab\u00a0ROCK ME A SONG\u00a0\u00bb<\/strong><br \/>\n&#8211; Causerie d\u2019Alain Prillard Graveur-sculpteur<br \/>\n&#8211; Victor Mayol &amp; Alain Prillard : \u00abToujours on croit qu\u2019on va partir\u00bb<br \/>\n&#8211; Eric Lareine dit : Western \/ Texte et musique de Victor Mayol<br \/>\n&#8211; Fran\u00e7oise Guerlin, Eric Lareine et Victor Mayol chantent \u00ab Black, brown<br \/>\n&amp; white \u00bb de Brownie Mc Ghie!<br \/>\nConcert D\u00e9jouke \u2026 45\u2019<br \/>\nFinal&#8230;Fran\u00e7oise Guerlin \/ Eric Lareine \/ Thierry Caulliez \/ Victor<br \/>\nMayol &#8230;\u00abOut on a week-end\u00bb de Neil Young<br \/>\nD\u00e9jouke !<br \/>\nAllez, D\u00e9jouke ! Bouge de l\u00e0\u2026 C\u2019est un son qui pousse le jeu po\u00e9tique<br \/>\nvers l\u2019\u00e9lectrique rythmique. \u00ab Rock me a song\u00bb Une chanson rock sur les textes<br \/>\net musiques de Victor Mayol, port\u00e9s par la voix teint\u00e9e de blues de Fran\u00e7oise<br \/>\nGuerlin.<br \/>\nVictor Mayol \/ Fran\u00e7oise Guerlin sont D\u00e9jouke !<br \/>\n<strong>Biographies<\/strong><\/p>\n<ul>\n<li>Fran\u00e7oise Guerlin: Chanteuse. Dans \u00abl\u2019Op\u00e9ra du Pauvre\u00bb de L\u00e9o Ferr\u00e9, et \u00abLa rue de la Sardine\u00bb avec Eric Lareine. Choriste pour Nino Ferrer elle chante aussi Nougaro et pratique la musique improvis\u00e9e. Elle cr\u00e9e \u00abDu Vian dans mon cr\u00e2ne\u00bb et appara\u00eet dans \u00ab21 nuits avec Pattie\u00bb film des fr\u00e8res Larrieu. Avec \u00abHector Nocturne\u00bb autre duo, elle alterne compositions en fran\u00e7ais et rock anglo-saxon.<\/li>\n<li>Victor Mayol: Il a aussi jou\u00e9 avec Eric Lareine sur les sc\u00e8nes rock de France et de<br \/>\nNavarre, puis il compose et interpr\u00e8te en solo, duo et quatuor une centaine de chansons. A l&rsquo;hiver 2018, Victor Mayol \u00e9dite un recueil de textes : Diables Rouges, mis en \u00abambiances sonores\u00bb et en ligne sur Sound Cloud.<br \/>\n<img data-recalc-dims=\"1\" loading=\"lazy\" decoding=\"async\" class=\"alignleft size-full wp-image-35628\" src=\"https:\/\/i0.wp.com\/www.o-p-i.fr\/parlonsen\/wp-content\/uploads\/La-grange.jpg?resize=425%2C243&#038;ssl=1\" alt=\"\" width=\"425\" height=\"243\" srcset=\"https:\/\/i0.wp.com\/www.o-p-i.fr\/parlonsen\/wp-content\/uploads\/La-grange.jpg?w=425&amp;ssl=1 425w, https:\/\/i0.wp.com\/www.o-p-i.fr\/parlonsen\/wp-content\/uploads\/La-grange.jpg?resize=300%2C172&amp;ssl=1 300w, https:\/\/i0.wp.com\/www.o-p-i.fr\/parlonsen\/wp-content\/uploads\/La-grange.jpg?resize=150%2C86&amp;ssl=1 150w, https:\/\/i0.wp.com\/www.o-p-i.fr\/parlonsen\/wp-content\/uploads\/La-grange.jpg?resize=400%2C229&amp;ssl=1 400w\" sizes=\"auto, (max-width: 425px) 100vw, 425px\" \/>\u00e0 <strong>La Grange Tourondel<\/strong><br \/>\nlieu-dit Bourdayrou 82800 Puygaillard de Quercy<br \/>\nouverture d\u00e8s 19h30 \u2026 bar, petite restauration sur place<br \/>\nBilleterie : 12 \u20ac<br \/>\nInformation : 06 87 08 80 04 ou 06 09 65 06 81<\/li>\n<\/ul>\n<p>&nbsp;<\/p>\n<p>Communiqu\u00e9 par \u00ab\u00a0Les Grands D\u00e9tours\u00a0\u00bb<\/p>\n<p><a href=\"https:\/\/www.o-p-i.fr\/parlonsen\/agenda\/\"><strong>Retrouvez tous les \u00e9v\u00e9nements dans l&rsquo;agenda !<\/strong><\/a><\/p>\n","protected":false},"excerpt":{"rendered":"<div class=\"mh-excerpt\">Samedi 14 Avril 2018 \u00e0 20h30 \u00e0 \u00ab\u00a0Les Granges Tourondel\u00a0\u00bb\u00a0<\/div>\n","protected":false},"author":4,"featured_media":0,"comment_status":"open","ping_status":"open","sticky":false,"template":"","format":"standard","meta":{"om_disable_all_campaigns":false,"advanced_seo_description":"","jetpack_seo_html_title":"","jetpack_seo_noindex":false,"_jetpack_memberships_contains_paid_content":false,"footnotes":"","_links_to":"","_links_to_target":""},"categories":[54,33,3066],"tags":[172,2556,3068,3151,3152],"class_list":{"0":"post-35626","1":"post","2":"type-post","3":"status-publish","4":"format-standard","6":"category-loisirs","7":"category-puygaillard-de-quercy","8":"category-n-145-avril-2018-numero-de-journal","9":"tag-exposition","10":"tag-puygaillard-de-quercy","11":"tag-soiree-concert","12":"tag-les-granges-de-tourondel","13":"tag-causerie"},"jetpack_featured_media_url":"","views":{"total":0,"cached_at":"","cached_date":1738508375},"jetpack_likes_enabled":true,"jetpack_sharing_enabled":true,"jetpack_shortlink":"https:\/\/wp.me\/pg7Wxj-9gC","jetpack-related-posts":[],"_links":{"self":[{"href":"https:\/\/www.o-p-i.fr\/parlonsen\/wp-json\/wp\/v2\/posts\/35626","targetHints":{"allow":["GET"]}}],"collection":[{"href":"https:\/\/www.o-p-i.fr\/parlonsen\/wp-json\/wp\/v2\/posts"}],"about":[{"href":"https:\/\/www.o-p-i.fr\/parlonsen\/wp-json\/wp\/v2\/types\/post"}],"author":[{"embeddable":true,"href":"https:\/\/www.o-p-i.fr\/parlonsen\/wp-json\/wp\/v2\/users\/4"}],"replies":[{"embeddable":true,"href":"https:\/\/www.o-p-i.fr\/parlonsen\/wp-json\/wp\/v2\/comments?post=35626"}],"version-history":[{"count":0,"href":"https:\/\/www.o-p-i.fr\/parlonsen\/wp-json\/wp\/v2\/posts\/35626\/revisions"}],"wp:attachment":[{"href":"https:\/\/www.o-p-i.fr\/parlonsen\/wp-json\/wp\/v2\/media?parent=35626"}],"wp:term":[{"taxonomy":"category","embeddable":true,"href":"https:\/\/www.o-p-i.fr\/parlonsen\/wp-json\/wp\/v2\/categories?post=35626"},{"taxonomy":"post_tag","embeddable":true,"href":"https:\/\/www.o-p-i.fr\/parlonsen\/wp-json\/wp\/v2\/tags?post=35626"}],"curies":[{"name":"wp","href":"https:\/\/api.w.org\/{rel}","templated":true}]}}