{"id":35645,"date":"2018-04-12T07:34:06","date_gmt":"2018-04-12T06:34:06","guid":{"rendered":"\/parlonsen\/?p=35645"},"modified":"2018-04-12T07:34:06","modified_gmt":"2018-04-12T06:34:06","slug":"apres-midi-recreative-a-monclar-de-quercy-82-2","status":"publish","type":"post","link":"https:\/\/www.o-p-i.fr\/parlonsen\/localisation\/au-pays-des-tescous\/monclar\/apres-midi-recreative-a-monclar-de-quercy-82-2\/","title":{"rendered":"Apr\u00e8s-midi r\u00e9cr\u00e9ative&#8230;\u00e0 Monclar de Quercy (82)"},"content":{"rendered":"<p>Le <strong>lundi 16 avril 2018<\/strong>, de 14h.30 \u00e0 17h.30, \u00e0 la Maison de l&rsquo;Enfance<br \/>\n<!--more--><\/p>\n<p><img data-recalc-dims=\"1\" loading=\"lazy\" decoding=\"async\" class=\"aligncenter wp-image-35646\" src=\"https:\/\/i0.wp.com\/www.o-p-i.fr\/parlonsen\/wp-content\/uploads\/AM-r%C3%A9cr%C3%A9atoive.jpg?resize=600%2C849&#038;ssl=1\" alt=\"\" width=\"600\" height=\"849\" srcset=\"https:\/\/i0.wp.com\/www.o-p-i.fr\/parlonsen\/wp-content\/uploads\/AM-r%C3%A9cr%C3%A9atoive.jpg?w=567&amp;ssl=1 567w, https:\/\/i0.wp.com\/www.o-p-i.fr\/parlonsen\/wp-content\/uploads\/AM-r%C3%A9cr%C3%A9atoive.jpg?resize=212%2C300&amp;ssl=1 212w, https:\/\/i0.wp.com\/www.o-p-i.fr\/parlonsen\/wp-content\/uploads\/AM-r%C3%A9cr%C3%A9atoive.jpg?resize=106%2C150&amp;ssl=1 106w, https:\/\/i0.wp.com\/www.o-p-i.fr\/parlonsen\/wp-content\/uploads\/AM-r%C3%A9cr%C3%A9atoive.jpg?resize=400%2C566&amp;ssl=1 400w\" sizes=\"auto, (max-width: 600px) 100vw, 600px\" \/><\/p>\n<p>Information communiqu\u00e9e par St\u00e9phanie MALAURIE<\/p>\n<p><a href=\"https:\/\/www.o-p-i.fr\/parlonsen\/agenda\/\"><strong>Retrouvez tous les \u00e9v\u00e9nements dans l&rsquo;agenda !<\/strong><\/a><\/p>\n","protected":false},"excerpt":{"rendered":"<div class=\"mh-excerpt\">Le lundi 16 avril 2018, de 14h.30 \u00e0 17h.30, \u00e0 la Maison de l&rsquo;Enfance<\/div>\n","protected":false},"author":4,"featured_media":0,"comment_status":"open","ping_status":"open","sticky":false,"template":"","format":"standard","meta":{"om_disable_all_campaigns":false,"advanced_seo_description":"","jetpack_seo_html_title":"","jetpack_seo_noindex":false,"_jetpack_memberships_contains_paid_content":false,"footnotes":"","_links_to":"","_links_to_target":""},"categories":[16,54,3066],"tags":[143,382,3061],"class_list":{"0":"post-35645","1":"post","2":"type-post","3":"status-publish","4":"format-standard","6":"category-monclar","7":"category-loisirs","8":"category-n-145-avril-2018-numero-de-journal","9":"tag-monclar-de-quercy","10":"tag-familles-rurales","11":"tag-maison-de-lenfance"},"jetpack_featured_media_url":"","views":{"total":0,"cached_at":"","cached_date":1738508828},"jetpack_likes_enabled":true,"jetpack_sharing_enabled":true,"jetpack_shortlink":"https:\/\/wp.me\/pg7Wxj-9gV","jetpack-related-posts":[],"_links":{"self":[{"href":"https:\/\/www.o-p-i.fr\/parlonsen\/wp-json\/wp\/v2\/posts\/35645","targetHints":{"allow":["GET"]}}],"collection":[{"href":"https:\/\/www.o-p-i.fr\/parlonsen\/wp-json\/wp\/v2\/posts"}],"about":[{"href":"https:\/\/www.o-p-i.fr\/parlonsen\/wp-json\/wp\/v2\/types\/post"}],"author":[{"embeddable":true,"href":"https:\/\/www.o-p-i.fr\/parlonsen\/wp-json\/wp\/v2\/users\/4"}],"replies":[{"embeddable":true,"href":"https:\/\/www.o-p-i.fr\/parlonsen\/wp-json\/wp\/v2\/comments?post=35645"}],"version-history":[{"count":0,"href":"https:\/\/www.o-p-i.fr\/parlonsen\/wp-json\/wp\/v2\/posts\/35645\/revisions"}],"wp:attachment":[{"href":"https:\/\/www.o-p-i.fr\/parlonsen\/wp-json\/wp\/v2\/media?parent=35645"}],"wp:term":[{"taxonomy":"category","embeddable":true,"href":"https:\/\/www.o-p-i.fr\/parlonsen\/wp-json\/wp\/v2\/categories?post=35645"},{"taxonomy":"post_tag","embeddable":true,"href":"https:\/\/www.o-p-i.fr\/parlonsen\/wp-json\/wp\/v2\/tags?post=35645"}],"curies":[{"name":"wp","href":"https:\/\/api.w.org\/{rel}","templated":true}]}}