{"id":35734,"date":"2018-04-25T11:28:50","date_gmt":"2018-04-25T10:28:50","guid":{"rendered":"\/parlonsen\/?p=35734"},"modified":"2018-04-25T11:28:50","modified_gmt":"2018-04-25T10:28:50","slug":"feter-les-50-ans-de-mai-68-a-rabastens-81","status":"publish","type":"post","link":"https:\/\/www.o-p-i.fr\/parlonsen\/parlons-en\/culture\/feter-les-50-ans-de-mai-68-a-rabastens-81\/","title":{"rendered":"F\u00eater les 50 ans de \u00ab\u00a0Mai 68&Prime;&#8230;\u00e0  Rabastens (81)"},"content":{"rendered":"<p>Propose Le Rabastinois en Transition, le <strong>samedi 26 mai 2018<\/strong> <!--more--><\/p>\n<ul>\n<li>16h: S\u00e9rigraphie et impression sur T-shirt par Mayeul, stand en plein air devant le Banc.<\/li>\n<li>20h30: S\u00e9ance de cin\u00e9 \u00ab\u00a0L&rsquo;an 01\u00a0\u00bb, de Jacques Doillon<\/li>\n<li>22h30: Party-Cipative au Banc. Soir\u00e9e culture sous toutes ses formes afin de se replonger dans mai 68.<br \/>\nLecture, po\u00e9sie, slam, ou \u00e9coute d&rsquo;une musique de 68.Venez clamer des textes de l&rsquo;\u00e9poque en pattez d&rsquo;h\u00e8ph !&#8230;<\/li>\n<\/ul>\n<p><img data-recalc-dims=\"1\" loading=\"lazy\" decoding=\"async\" class=\"aligncenter size-full wp-image-35735\" src=\"https:\/\/i0.wp.com\/www.o-p-i.fr\/parlonsen\/wp-content\/uploads\/MAI68.jpg?resize=709%2C1003&#038;ssl=1\" alt=\"\" width=\"709\" height=\"1003\" srcset=\"https:\/\/i0.wp.com\/www.o-p-i.fr\/parlonsen\/wp-content\/uploads\/MAI68.jpg?w=709&amp;ssl=1 709w, https:\/\/i0.wp.com\/www.o-p-i.fr\/parlonsen\/wp-content\/uploads\/MAI68.jpg?resize=212%2C300&amp;ssl=1 212w, https:\/\/i0.wp.com\/www.o-p-i.fr\/parlonsen\/wp-content\/uploads\/MAI68.jpg?resize=106%2C150&amp;ssl=1 106w, https:\/\/i0.wp.com\/www.o-p-i.fr\/parlonsen\/wp-content\/uploads\/MAI68.jpg?resize=400%2C566&amp;ssl=1 400w\" sizes=\"auto, (max-width: 709px) 100vw, 709px\" \/><\/p>\n<p>Information communiqu\u00e9e par Yvan POIRIER<br \/>\n<a href=\"https:\/\/www.o-p-i.fr\/parlonsen\/agenda\/\"><strong>Retrouvez tous les \u00e9v\u00e9nements dans l&rsquo;agenda !<\/strong><\/a><\/p>\n","protected":false},"excerpt":{"rendered":"<div class=\"mh-excerpt\">Propose Le Rabastinois en Transition, le samedi 26 mai 2018<\/div>\n","protected":false},"author":4,"featured_media":0,"comment_status":"open","ping_status":"open","sticky":false,"template":"","format":"standard","meta":{"om_disable_all_campaigns":false,"advanced_seo_description":"","jetpack_seo_html_title":"","jetpack_seo_noindex":false,"_jetpack_memberships_contains_paid_content":false,"footnotes":"","_links_to":"","_links_to_target":""},"categories":[42,1,54,3072],"tags":[3168,72,1766,2758,3167],"class_list":{"0":"post-35734","1":"post","2":"type-post","3":"status-publish","4":"format-standard","6":"category-a-cote-de-chez-nous","7":"category-culture","8":"category-loisirs","9":"category-n-146-mai-2018-numero-de-journal","10":"tag-soiree-culture","11":"tag-rabastens","12":"tag-cinema","13":"tag-le-banc-sonore","14":"tag-rabastinois-en-transition"},"jetpack_featured_media_url":"","views":{"total":0,"cached_at":"","cached_date":1738510583},"jetpack_likes_enabled":true,"jetpack_sharing_enabled":true,"jetpack_shortlink":"https:\/\/wp.me\/pg7Wxj-9im","jetpack-related-posts":[],"_links":{"self":[{"href":"https:\/\/www.o-p-i.fr\/parlonsen\/wp-json\/wp\/v2\/posts\/35734","targetHints":{"allow":["GET"]}}],"collection":[{"href":"https:\/\/www.o-p-i.fr\/parlonsen\/wp-json\/wp\/v2\/posts"}],"about":[{"href":"https:\/\/www.o-p-i.fr\/parlonsen\/wp-json\/wp\/v2\/types\/post"}],"author":[{"embeddable":true,"href":"https:\/\/www.o-p-i.fr\/parlonsen\/wp-json\/wp\/v2\/users\/4"}],"replies":[{"embeddable":true,"href":"https:\/\/www.o-p-i.fr\/parlonsen\/wp-json\/wp\/v2\/comments?post=35734"}],"version-history":[{"count":0,"href":"https:\/\/www.o-p-i.fr\/parlonsen\/wp-json\/wp\/v2\/posts\/35734\/revisions"}],"wp:attachment":[{"href":"https:\/\/www.o-p-i.fr\/parlonsen\/wp-json\/wp\/v2\/media?parent=35734"}],"wp:term":[{"taxonomy":"category","embeddable":true,"href":"https:\/\/www.o-p-i.fr\/parlonsen\/wp-json\/wp\/v2\/categories?post=35734"},{"taxonomy":"post_tag","embeddable":true,"href":"https:\/\/www.o-p-i.fr\/parlonsen\/wp-json\/wp\/v2\/tags?post=35734"}],"curies":[{"name":"wp","href":"https:\/\/api.w.org\/{rel}","templated":true}]}}