{"id":3581,"date":"2010-04-27T14:49:20","date_gmt":"2010-04-27T12:49:20","guid":{"rendered":"\/parlonsen\/?p=3581"},"modified":"2010-04-27T14:49:20","modified_gmt":"2010-04-27T12:49:20","slug":"the-dansant-a-vaissac","status":"publish","type":"post","link":"https:\/\/www.o-p-i.fr\/parlonsen\/localisation\/a-cote-de-chez-nous\/the-dansant-a-vaissac\/","title":{"rendered":"Th\u00e9 Dansant  &#8230; \u00e0 Va\u00efssac"},"content":{"rendered":"<p>Le<span style=\"color: #800080;\"><strong> Comit\u00e9 des F\u00eates de Va\u00efssac<\/strong><\/span> organise le <span style=\"color: #800080;\"><strong>dimanche 2 mai <\/strong><\/span>2010 de 14 h 30 \u00e0 19 heures un th\u00e9 dansant \u00e0 la salle des f\u00eates anim\u00e9 par Bruno BARELLI.<!--more--><\/p>\n<p><span style=\"color: #800080;\"><strong>Tarifs :<\/strong><\/span><br \/>\n7,50 euro comprenant rafraichissements caf\u00e9 et g\u00e2teaux<br \/>\n<em>Communiqu\u00e9 de Claudine Raynal<\/em><\/p>\n<p><a href=\"https:\/\/www.o-p-i.fr\/parlonsen\/agenda\/\"><strong>Retrouvez tous les \u00e9v\u00e8nements dans l&rsquo;agenda !<\/strong><\/a><\/p>\n","protected":false},"excerpt":{"rendered":"<div class=\"mh-excerpt\">Le Comit\u00e9 des F\u00eates de Va\u00efssac organise le dimanche 2 mai 2010 de 14 h 30 \u00e0 19 heures un th\u00e9 dansant \u00e0 la salle des f\u00eates anim\u00e9 par Bruno BARELLI.<\/div>\n","protected":false},"author":8,"featured_media":0,"comment_status":"open","ping_status":"open","sticky":false,"template":"","format":"standard","meta":{"om_disable_all_campaigns":false,"advanced_seo_description":"","jetpack_seo_html_title":"","jetpack_seo_noindex":false,"_jetpack_memberships_contains_paid_content":false,"footnotes":"","_links_to":"","_links_to_target":""},"categories":[42,54,447],"tags":[80,82,330],"class_list":{"0":"post-3581","1":"post","2":"type-post","3":"status-publish","4":"format-standard","6":"category-a-cote-de-chez-nous","7":"category-loisirs","8":"category-n-48-avril-2010","9":"tag-the-dansant","10":"tag-aines","11":"tag-rencontre"},"jetpack_featured_media_url":"","views":{"total":0,"cached_at":"","cached_date":1738263515},"jetpack_likes_enabled":true,"jetpack_sharing_enabled":true,"jetpack_shortlink":"https:\/\/wp.me\/pg7Wxj-VL","jetpack-related-posts":[],"_links":{"self":[{"href":"https:\/\/www.o-p-i.fr\/parlonsen\/wp-json\/wp\/v2\/posts\/3581","targetHints":{"allow":["GET"]}}],"collection":[{"href":"https:\/\/www.o-p-i.fr\/parlonsen\/wp-json\/wp\/v2\/posts"}],"about":[{"href":"https:\/\/www.o-p-i.fr\/parlonsen\/wp-json\/wp\/v2\/types\/post"}],"author":[{"embeddable":true,"href":"https:\/\/www.o-p-i.fr\/parlonsen\/wp-json\/wp\/v2\/users\/8"}],"replies":[{"embeddable":true,"href":"https:\/\/www.o-p-i.fr\/parlonsen\/wp-json\/wp\/v2\/comments?post=3581"}],"version-history":[{"count":0,"href":"https:\/\/www.o-p-i.fr\/parlonsen\/wp-json\/wp\/v2\/posts\/3581\/revisions"}],"wp:attachment":[{"href":"https:\/\/www.o-p-i.fr\/parlonsen\/wp-json\/wp\/v2\/media?parent=3581"}],"wp:term":[{"taxonomy":"category","embeddable":true,"href":"https:\/\/www.o-p-i.fr\/parlonsen\/wp-json\/wp\/v2\/categories?post=3581"},{"taxonomy":"post_tag","embeddable":true,"href":"https:\/\/www.o-p-i.fr\/parlonsen\/wp-json\/wp\/v2\/tags?post=3581"}],"curies":[{"name":"wp","href":"https:\/\/api.w.org\/{rel}","templated":true}]}}