{"id":3612,"date":"2010-04-29T17:14:07","date_gmt":"2010-04-29T15:14:07","guid":{"rendered":"\/parlonsen\/?p=3612"},"modified":"2010-04-29T17:15:25","modified_gmt":"2010-04-29T15:15:25","slug":"utiliser-la-terre-crue-en-2010","status":"publish","type":"post","link":"https:\/\/www.o-p-i.fr\/parlonsen\/parlons-en\/pratique\/utiliser-la-terre-crue-en-2010\/","title":{"rendered":"Utiliser la terre crue en 2010 ?"},"content":{"rendered":"<p style=\"text-align: justify;\">L\u2019association \u00ab\u00a0<span style=\"color: #993300;\"><strong>Maisons Paysannes de France<\/strong><\/span>\u00a0\u00bb  et le Pays Midi Quercy ont initi\u00e9 une exposition itin\u00e9rante et des ateliers de d\u00e9monstration sur l\u2019utilisation de la terre crue en restauration du b\u00e2ti ancien mais \u00e9galement en constructions contemporaines.<!--more--><\/p>\n<p style=\"text-align: justify;\">Apr\u00e8s Albias, Monteils, Mirabel et Bioule, la commune de G\u00e9n\u00e9bri\u00e8res accueillera l\u2019exposition sur la terre  crue  avec des maquettes et des mat\u00e9riaux anciens et contemporains <span style=\"color: #993300;\"><strong>du Vendredi 30 avril  au dimanche 9 mai 2010<\/strong><\/span>( maison ancienne en centre bourg).<\/p>\n<p style=\"text-align: justify;\">L\u2019exposition est ouverte au public les vendredi samedi et dimanche de 15 heures \u00e0 18 heures.<\/p>\n<p style=\"text-align: justify;\"><span style=\"color: #993300;\"><strong>Samedi 8 mai<\/strong><\/span><br \/>\n\u00e0 partir de 9 h 30 : ateliers de d\u00e9monstration de techniques  d\u2019utilisation de la terre crue<br \/>\n15 h :\u00a0    conf\u00e9rence \u2013 d\u00e9bat avec des professionnels \u00e0 la salle des associations de G\u00e9n\u00e9bri\u00e8res.<\/p>\n<p style=\"text-align: justify;\"><em>Communiqu\u00e9 de Catherine Darrigan<\/em><\/p>\n<p style=\"text-align: justify;\"><a href=\"https:\/\/www.o-p-i.fr\/parlonsen\/agenda\/\"><strong>Retrouvez tous les \u00e9v\u00e8nements dans l&rsquo;agenda !<\/strong><\/a><\/p>\n","protected":false},"excerpt":{"rendered":"<div class=\"mh-excerpt\">L\u2019association \u00ab\u00a0Maisons Paysannes de France\u00a0\u00bb et le Pays Midi Quercy ont initi\u00e9 une exposition itin\u00e9rante et des ateliers de d\u00e9monstration sur l\u2019utilisation de la terre crue en restauration du b\u00e2ti ancien mais \u00e9galement en constructions <a class=\"mh-excerpt-more\" href=\"https:\/\/www.o-p-i.fr\/parlonsen\/parlons-en\/pratique\/utiliser-la-terre-crue-en-2010\/\" title=\"Utiliser la terre crue en 2010 ?\">[&#8230;]<\/a><\/div>\n","protected":false},"author":8,"featured_media":0,"comment_status":"open","ping_status":"open","sticky":false,"template":"","format":"standard","meta":{"om_disable_all_campaigns":false,"advanced_seo_description":"","jetpack_seo_html_title":"","jetpack_seo_noindex":false,"_jetpack_memberships_contains_paid_content":false,"footnotes":"","_links_to":"","_links_to_target":""},"categories":[51,29,6,447],"tags":[2552,229,234,330,108,172,180],"class_list":{"0":"post-3612","1":"post","2":"type-post","3":"status-publish","4":"format-standard","6":"category-artisanat","7":"category-genebrieres","8":"category-pratique","9":"category-n-48-avril-2010","10":"tag-genebrieres","11":"tag-midi-quercy","12":"tag-conference","13":"tag-rencontre","14":"tag-terre","15":"tag-exposition","16":"tag-atelier"},"jetpack_featured_media_url":"","views":{"total":0,"cached_at":"","cached_date":1738510308},"jetpack_likes_enabled":true,"jetpack_sharing_enabled":true,"jetpack_shortlink":"https:\/\/wp.me\/pg7Wxj-Wg","jetpack-related-posts":[],"_links":{"self":[{"href":"https:\/\/www.o-p-i.fr\/parlonsen\/wp-json\/wp\/v2\/posts\/3612","targetHints":{"allow":["GET"]}}],"collection":[{"href":"https:\/\/www.o-p-i.fr\/parlonsen\/wp-json\/wp\/v2\/posts"}],"about":[{"href":"https:\/\/www.o-p-i.fr\/parlonsen\/wp-json\/wp\/v2\/types\/post"}],"author":[{"embeddable":true,"href":"https:\/\/www.o-p-i.fr\/parlonsen\/wp-json\/wp\/v2\/users\/8"}],"replies":[{"embeddable":true,"href":"https:\/\/www.o-p-i.fr\/parlonsen\/wp-json\/wp\/v2\/comments?post=3612"}],"version-history":[{"count":0,"href":"https:\/\/www.o-p-i.fr\/parlonsen\/wp-json\/wp\/v2\/posts\/3612\/revisions"}],"wp:attachment":[{"href":"https:\/\/www.o-p-i.fr\/parlonsen\/wp-json\/wp\/v2\/media?parent=3612"}],"wp:term":[{"taxonomy":"category","embeddable":true,"href":"https:\/\/www.o-p-i.fr\/parlonsen\/wp-json\/wp\/v2\/categories?post=3612"},{"taxonomy":"post_tag","embeddable":true,"href":"https:\/\/www.o-p-i.fr\/parlonsen\/wp-json\/wp\/v2\/tags?post=3612"}],"curies":[{"name":"wp","href":"https:\/\/api.w.org\/{rel}","templated":true}]}}