{"id":36179,"date":"2018-06-06T18:05:36","date_gmt":"2018-06-06T17:05:36","guid":{"rendered":"\/parlonsen\/?p=36179"},"modified":"2018-06-06T18:05:36","modified_gmt":"2018-06-06T17:05:36","slug":"concert-de-musique-klezmer-a-montdurausse-81","status":"publish","type":"post","link":"https:\/\/www.o-p-i.fr\/parlonsen\/localisation\/au-pays-des-tescous\/montdurausse\/concert-de-musique-klezmer-a-montdurausse-81\/","title":{"rendered":"Concert de musique \u00ab\u00a0Klezmer\u00a0\u00bb&#8230;\u00e0 Montdurausse (81)"},"content":{"rendered":"<p><strong>\u00a0Samedi 30 juin 2018<\/strong> \u00e0 19 heures, chez Anne Guiton dans le cadre de la Programmation Culturelle de Pas Sans Toit.<!--more--><\/p>\n<p><img data-recalc-dims=\"1\" loading=\"lazy\" decoding=\"async\" class=\"alignright size-full wp-image-36180\" src=\"https:\/\/i0.wp.com\/www.o-p-i.fr\/parlonsen\/wp-content\/uploads\/passanstoit.jpg?resize=567%2C804&#038;ssl=1\" alt=\"\" width=\"567\" height=\"804\" srcset=\"https:\/\/i0.wp.com\/www.o-p-i.fr\/parlonsen\/wp-content\/uploads\/passanstoit.jpg?w=567&amp;ssl=1 567w, https:\/\/i0.wp.com\/www.o-p-i.fr\/parlonsen\/wp-content\/uploads\/passanstoit.jpg?resize=212%2C300&amp;ssl=1 212w, https:\/\/i0.wp.com\/www.o-p-i.fr\/parlonsen\/wp-content\/uploads\/passanstoit.jpg?resize=106%2C150&amp;ssl=1 106w, https:\/\/i0.wp.com\/www.o-p-i.fr\/parlonsen\/wp-content\/uploads\/passanstoit.jpg?resize=400%2C567&amp;ssl=1 400w\" sizes=\"auto, (max-width: 567px) 100vw, 567px\" \/>CONCERT de MUSIQUE KLEZMER avec le groupe \u00a0\u00bb LES KLEZ \u00a0\u00bb<\/p>\n<p>suivi d&rsquo;une \u00ab\u00a0Auberge Espagnole \u00a0\u00bb<\/p>\n<p>C&rsquo;est le samedi 30 JUIN 2018 \u00e0 19 heures, dans un cadre champ\u00eatre, chez Anne Guiton \u00e0 Montdurausse<br \/>\n1176 route des TILS &#8211; \u00e0 c\u00f4t\u00e9 de Monclar de Quercy .<\/p>\n<p>NOUS PARTAGERONS ENSEMBLE LE REPAS TIRE DU SAC ..CHACUN (E) APPORTE UN PLAT SUCRE OU SALE ET UNE BOISSON<br \/>\nMERCI DE PENSER A APPORTER VOS COUVERTS ET VOS ASSIETTES<\/p>\n<p>Entr\u00e9e : 10 \u20ac au profit de Pas sans Toit ( 5 \u20ac pour les moins de 16 ans )<\/p>\n<p>La recette de ce spectacle est enti\u00e8rement revers\u00e9e \u00e0 l&rsquo;association Pas sans Toit qui accompagne des familles sans logement, en attente de r\u00e9gularisation.<\/p>\n<p>Merci de parler de ce spectacle autour de vous , \u00e0 vos amis, dans vos r\u00e9seaux&#8230;<br \/>\nLe co voiturage est vivement conseill\u00e9.<br \/>\n\u00e0 tr\u00e8s bient\u00f4t<br \/>\nle bureau de Pas sans Toit<\/p>\n<p>Nous vous attendons nombreux&#8230; mais la r\u00e9servation est absolument obligatoire..!!!<br \/>\nMERCI DE NE PAS R\u00c9SERVER AU DERNIER MOMENT !<\/p>\n<p><strong>R\u00e9servation<\/strong> : t\u00e9l\u00e9phone 05 63 40 57 90, SMS 06 76 17 14 52,<br \/>\nCourriel <strong><a href=\"mailto:passanstoit@yahoo.fr\">passanstoit@yahoo.fr<\/a><\/strong><\/p>\n<p><em>Information commuiqu\u00e9 par Anne GUITON<\/em><\/p>\n<p><a href=\"https:\/\/www.o-p-i.fr\/parlonsen\/agenda\/\"><strong>Retrouvez tous les \u00e9v\u00e9nements dans l&rsquo;agenda !<\/strong><\/a><\/p>\n<p>&nbsp;<\/p>\n","protected":false},"excerpt":{"rendered":"<div class=\"mh-excerpt\">\u00a0Samedi 30 juin 2018 \u00e0 19 heures, chez Anne Guiton dans le cadre de la Programmation Culturelle de Pas Sans Toit.<\/div>\n","protected":false},"author":4,"featured_media":0,"comment_status":"open","ping_status":"open","sticky":false,"template":"","format":"standard","meta":{"om_disable_all_campaigns":false,"advanced_seo_description":"","jetpack_seo_html_title":"","jetpack_seo_noindex":false,"_jetpack_memberships_contains_paid_content":false,"footnotes":"","_links_to":"","_links_to_target":""},"categories":[290,54,32,291,3164],"tags":[2555,530,2038,2639],"class_list":{"0":"post-36179","1":"post","2":"type-post","3":"status-publish","4":"format-standard","6":"category-entraide","7":"category-loisirs","8":"category-montdurausse","9":"category-solidarite","10":"category-n-147-juin-2018","11":"tag-montdurausse","12":"tag-pas-sans-toit","13":"tag-auberge-espagnole","14":"tag-concert-chez-lhabitant"},"jetpack_featured_media_url":"","views":{"total":0,"cached_at":"","cached_date":1738533469},"jetpack_likes_enabled":true,"jetpack_sharing_enabled":true,"jetpack_shortlink":"https:\/\/wp.me\/pg7Wxj-9px","jetpack-related-posts":[],"_links":{"self":[{"href":"https:\/\/www.o-p-i.fr\/parlonsen\/wp-json\/wp\/v2\/posts\/36179","targetHints":{"allow":["GET"]}}],"collection":[{"href":"https:\/\/www.o-p-i.fr\/parlonsen\/wp-json\/wp\/v2\/posts"}],"about":[{"href":"https:\/\/www.o-p-i.fr\/parlonsen\/wp-json\/wp\/v2\/types\/post"}],"author":[{"embeddable":true,"href":"https:\/\/www.o-p-i.fr\/parlonsen\/wp-json\/wp\/v2\/users\/4"}],"replies":[{"embeddable":true,"href":"https:\/\/www.o-p-i.fr\/parlonsen\/wp-json\/wp\/v2\/comments?post=36179"}],"version-history":[{"count":0,"href":"https:\/\/www.o-p-i.fr\/parlonsen\/wp-json\/wp\/v2\/posts\/36179\/revisions"}],"wp:attachment":[{"href":"https:\/\/www.o-p-i.fr\/parlonsen\/wp-json\/wp\/v2\/media?parent=36179"}],"wp:term":[{"taxonomy":"category","embeddable":true,"href":"https:\/\/www.o-p-i.fr\/parlonsen\/wp-json\/wp\/v2\/categories?post=36179"},{"taxonomy":"post_tag","embeddable":true,"href":"https:\/\/www.o-p-i.fr\/parlonsen\/wp-json\/wp\/v2\/tags?post=36179"}],"curies":[{"name":"wp","href":"https:\/\/api.w.org\/{rel}","templated":true}]}}