{"id":36255,"date":"2018-06-14T11:00:11","date_gmt":"2018-06-14T10:00:11","guid":{"rendered":"\/parlonsen\/?p=36255"},"modified":"2018-06-14T11:00:11","modified_gmt":"2018-06-14T10:00:11","slug":"fete-de-la-musique-a-salvagnac-81-5","status":"publish","type":"post","link":"https:\/\/www.o-p-i.fr\/parlonsen\/localisation\/au-pays-des-tescous\/salvagnac\/fete-de-la-musique-a-salvagnac-81-5\/","title":{"rendered":"F\u00eate de la musique&#8230;\u00e0 Salvagnac (81)"},"content":{"rendered":"<p><strong>Jeudi 21 juin 2018<\/strong>, d\u00e8s\u00a0 19h.30, couscous, musique et &#8230;danse.<!--more--><img data-recalc-dims=\"1\" loading=\"lazy\" decoding=\"async\" class=\"alignright size-full wp-image-36257\" src=\"https:\/\/i0.wp.com\/www.o-p-i.fr\/parlonsen\/wp-content\/uploads\/stringer.jpg?resize=405%2C231&#038;ssl=1\" alt=\"\" width=\"405\" height=\"231\" srcset=\"https:\/\/i0.wp.com\/www.o-p-i.fr\/parlonsen\/wp-content\/uploads\/stringer.jpg?w=405&amp;ssl=1 405w, https:\/\/i0.wp.com\/www.o-p-i.fr\/parlonsen\/wp-content\/uploads\/stringer.jpg?resize=300%2C171&amp;ssl=1 300w, https:\/\/i0.wp.com\/www.o-p-i.fr\/parlonsen\/wp-content\/uploads\/stringer.jpg?resize=150%2C86&amp;ssl=1 150w, https:\/\/i0.wp.com\/www.o-p-i.fr\/parlonsen\/wp-content\/uploads\/stringer.jpg?resize=400%2C228&amp;ssl=1 400w\" sizes=\"auto, (max-width: 405px) 100vw, 405px\" \/>LE-GALETAS propose:<br \/>\nCOUSCOUS ET BUVETTE \/ GLACES SUR PLACE : 7,50 \u20ac L&rsquo;ASSIETTE<br \/>\nCONCERT GRATUIT \u00c0 21H00<br \/>\nR\u00c9SERVATION OBLIGATOIRE POUR LE COUSCOUS : 06 79 68 12 15<\/p>\n<p><strong><span style=\"vertical-align: inherit;\"><span style=\"vertical-align: inherit;\">LES STINGERS<\/span><\/span><\/strong><br \/>\n<span style=\"vertical-align: inherit;\"><span style=\"vertical-align: inherit;\"> Rock&rsquo;n&rsquo;Roll hypnotisant<\/span><\/span><\/p>\n<p>Nouveaux venus de la sc\u00e8ne toulousaine, The Stingers est un R\u2019n\u2019R band o\u00f9 l\u2019on retrouve certains loustics bien connus des sc\u00e8nes fran\u00e7aises et d&rsquo;ailleurs. Au programme, du R\u2019n\u2019R aux diverses influences, passant du Ska au 60\u2019s Fuzz qui d\u00e9bo\u00eete, avec comme point d\u2019orgue une invitation aux voyages.<br \/>\nPr\u00e9parez vous, \u00e7a va twister s\u00e9v\u00e8re !!<\/p>\n<p><span style=\"vertical-align: inherit;\"><span style=\"vertical-align: inherit;\">\u2022 Guitare, vocas: St\u00e9phane Celotto (Jack Face &amp; Les Volcans, The Mucks, Kingsize &#8230;). <\/span><\/span><br \/>\n<span style=\"vertical-align: inherit;\"><span style=\"vertical-align: inherit;\">\u2022 Basse, voix: Sylvain Fourdrinier (Jack Face &amp; les Volcans, Les Orientaux &#8230;). <\/span><\/span><br \/>\n<span style=\"vertical-align: inherit;\"><span style=\"vertical-align: inherit;\">\u2022 Orgue, trombone: Lilian Quintanilla (Le Petit Orchestre, The Mucks, Motel &#8230;). <\/span><\/span><br \/>\n<span style=\"vertical-align: inherit;\"><span style=\"vertical-align: inherit;\">\u2022 T\u00e9nor et saxo baryton: J\u00e9r\u00f4me Bi\u00e9velot (Titty Twister BB, Wimp, Badass Bounce &#8230;). <\/span><\/span><br \/>\n<span style=\"vertical-align: inherit;\"><span style=\"vertical-align: inherit;\">\u2022 Batterie: Maarten Schepers (Les Taikonauts, Arno De Cea &amp; Les Ma\u00eetres de l&rsquo;Horlogerie, Le trio H\u00e9lios QuinQuis &#8230;).<\/span><\/span><\/p>\n<p><em>Information communiqu\u00e9e par l&rsquo;\u00e9quipe du Galetas<\/em><\/p>\n<p><a href=\"https:\/\/www.o-p-i.fr\/parlonsen\/agenda\/\"><strong>Retrouvez tous les \u00e9v\u00e9nements dans l&rsquo;agenda !<\/strong><\/a><\/p>\n<p>&nbsp;<\/p>\n","protected":false},"excerpt":{"rendered":"<div class=\"mh-excerpt\">Jeudi 21 juin 2018, d\u00e8s\u00a0 19h.30, couscous, musique et &#8230;danse.<\/div>\n","protected":false},"author":4,"featured_media":0,"comment_status":"open","ping_status":"open","sticky":false,"template":"","format":"standard","meta":{"om_disable_all_campaigns":false,"advanced_seo_description":"","jetpack_seo_html_title":"","jetpack_seo_noindex":false,"_jetpack_memberships_contains_paid_content":false,"footnotes":"","_links_to":"","_links_to_target":""},"categories":[52,54,25,3164],"tags":[2548,157,580,1319],"class_list":{"0":"post-36255","1":"post","2":"type-post","3":"status-publish","4":"format-standard","6":"category-parlons-en","7":"category-loisirs","8":"category-salvagnac","9":"category-n-147-juin-2018","10":"tag-salvagnac","11":"tag-repas","12":"tag-fete-de-la-musique","13":"tag-le-galetas"},"jetpack_featured_media_url":"","views":{"total":1,"cached_at":"","cached_date":1738519076},"jetpack_likes_enabled":true,"jetpack_sharing_enabled":true,"jetpack_shortlink":"https:\/\/wp.me\/pg7Wxj-9qL","jetpack-related-posts":[],"_links":{"self":[{"href":"https:\/\/www.o-p-i.fr\/parlonsen\/wp-json\/wp\/v2\/posts\/36255","targetHints":{"allow":["GET"]}}],"collection":[{"href":"https:\/\/www.o-p-i.fr\/parlonsen\/wp-json\/wp\/v2\/posts"}],"about":[{"href":"https:\/\/www.o-p-i.fr\/parlonsen\/wp-json\/wp\/v2\/types\/post"}],"author":[{"embeddable":true,"href":"https:\/\/www.o-p-i.fr\/parlonsen\/wp-json\/wp\/v2\/users\/4"}],"replies":[{"embeddable":true,"href":"https:\/\/www.o-p-i.fr\/parlonsen\/wp-json\/wp\/v2\/comments?post=36255"}],"version-history":[{"count":0,"href":"https:\/\/www.o-p-i.fr\/parlonsen\/wp-json\/wp\/v2\/posts\/36255\/revisions"}],"wp:attachment":[{"href":"https:\/\/www.o-p-i.fr\/parlonsen\/wp-json\/wp\/v2\/media?parent=36255"}],"wp:term":[{"taxonomy":"category","embeddable":true,"href":"https:\/\/www.o-p-i.fr\/parlonsen\/wp-json\/wp\/v2\/categories?post=36255"},{"taxonomy":"post_tag","embeddable":true,"href":"https:\/\/www.o-p-i.fr\/parlonsen\/wp-json\/wp\/v2\/tags?post=36255"}],"curies":[{"name":"wp","href":"https:\/\/api.w.org\/{rel}","templated":true}]}}