{"id":36323,"date":"2018-06-17T16:05:39","date_gmt":"2018-06-17T15:05:39","guid":{"rendered":"\/parlonsen\/?p=36323"},"modified":"2018-06-21T15:26:07","modified_gmt":"2018-06-21T14:26:07","slug":"les-enfants-et-la-musique-a-monclar-de-quercy-2","status":"publish","type":"post","link":"https:\/\/www.o-p-i.fr\/parlonsen\/localisation\/au-pays-des-tescous\/monclar\/les-enfants-et-la-musique-a-monclar-de-quercy-2\/","title":{"rendered":"Les enfants et la musique &#8230;\u00e0 Monclar de Quercy (82)"},"content":{"rendered":"<p><strong>Dimanche 8 juillet 2018<\/strong>, de 10h. \u00e0 midi, place des Capitouls.<br \/>\n<!--more--><\/p>\n<p><img data-recalc-dims=\"1\" loading=\"lazy\" decoding=\"async\" class=\"alignright wp-image-36324 size-large\" src=\"https:\/\/i0.wp.com\/www.o-p-i.fr\/parlonsen\/wp-content\/uploads\/monclar-enfants-musique.jpg?resize=640%2C908&#038;ssl=1\" alt=\"\" width=\"640\" height=\"908\" srcset=\"https:\/\/i0.wp.com\/www.o-p-i.fr\/parlonsen\/wp-content\/uploads\/monclar-enfants-musique.jpg?resize=722%2C1024&amp;ssl=1 722w, https:\/\/i0.wp.com\/www.o-p-i.fr\/parlonsen\/wp-content\/uploads\/monclar-enfants-musique.jpg?resize=211%2C300&amp;ssl=1 211w, https:\/\/i0.wp.com\/www.o-p-i.fr\/parlonsen\/wp-content\/uploads\/monclar-enfants-musique.jpg?resize=768%2C1090&amp;ssl=1 768w, https:\/\/i0.wp.com\/www.o-p-i.fr\/parlonsen\/wp-content\/uploads\/monclar-enfants-musique.jpg?resize=106%2C150&amp;ssl=1 106w, https:\/\/i0.wp.com\/www.o-p-i.fr\/parlonsen\/wp-content\/uploads\/monclar-enfants-musique.jpg?resize=400%2C567&amp;ssl=1 400w, https:\/\/i0.wp.com\/www.o-p-i.fr\/parlonsen\/wp-content\/uploads\/monclar-enfants-musique.jpg?w=886&amp;ssl=1 886w\" sizes=\"auto, (max-width: 640px) 100vw, 640px\" \/><\/p>\n<p>Voil\u00e0 une Rencontre-Animation incontournable ! Dimanche 8 juillet de 10h \u00e0 midi (ou midi 30) , ce sera la 28i\u00e8me \u00e9dition de la Rencontre Animation \u00ab Les enfants et la musique \u00ab . Une rencontre r\u00e9serv\u00e9e aux moins de 18 ans, ouverte \u00e0 tout instrument ; d\u00e9butants bienvenus. Inscription gratuite au 06 71 00 29 25 ou 05 63 30 31 72 ; journalrobert@wanadoo.fr .<\/p>\n<p>Cette animation par et pour les enfants se d\u00e9roulera Place des Capitouls , avec, en toile de fond, le march\u00e9 occitan qui a lieu tous les dimanches matin de juillet et ao\u00fbt et ses produits de qualit\u00e9.<\/p>\n<p>Parents, si votre enfant est un \u00ab apprenti musicien \u00bb , n\u2019h\u00e9sitez pas \u00e0 l\u2019inscrire, il appr\u00e9ciera de se retrouver dans u espace musical de libert\u00e9, avec des jeunes de son \u00e2ge. Le bonheur est magique, il se cache dans la musique.<\/p>\n<p><img data-recalc-dims=\"1\" loading=\"lazy\" decoding=\"async\" class=\"alignleft size-full wp-image-36364\" src=\"https:\/\/i0.wp.com\/www.o-p-i.fr\/parlonsen\/wp-content\/uploads\/musique-1.jpg?resize=283%2C235&#038;ssl=1\" alt=\"\" width=\"283\" height=\"235\" srcset=\"https:\/\/i0.wp.com\/www.o-p-i.fr\/parlonsen\/wp-content\/uploads\/musique-1.jpg?w=283&amp;ssl=1 283w, https:\/\/i0.wp.com\/www.o-p-i.fr\/parlonsen\/wp-content\/uploads\/musique-1.jpg?resize=150%2C125&amp;ssl=1 150w\" sizes=\"auto, (max-width: 283px) 100vw, 283px\" \/><\/p>\n<p>&nbsp;<\/p>\n<p>&nbsp;<\/p>\n<p>&nbsp;<\/p>\n<p>&nbsp;<\/p>\n<p>&nbsp;<\/p>\n<p>&nbsp;<\/p>\n<p>&nbsp;<\/p>\n<p>&nbsp;<\/p>\n<p>&nbsp;<\/p>\n<p>&nbsp;<\/p>\n<p>Information communiqu\u00e9e par Robert LINAS<\/p>\n<p><a href=\"https:\/\/www.o-p-i.fr\/parlonsen\/agenda\/\"><strong>Retrouvez tous les \u00e9v\u00e9nements dans l&rsquo;agenda !<\/strong><\/a><\/p>\n<p>&nbsp;<\/p>\n","protected":false},"excerpt":{"rendered":"<div class=\"mh-excerpt\">Dimanche 8 juillet 2018, de 10h. \u00e0 midi, place des Capitouls.<\/div>\n","protected":false},"author":4,"featured_media":0,"comment_status":"open","ping_status":"open","sticky":false,"template":"","format":"standard","meta":{"om_disable_all_campaigns":false,"advanced_seo_description":"","jetpack_seo_html_title":"","jetpack_seo_noindex":false,"_jetpack_memberships_contains_paid_content":false,"footnotes":"","_links_to":"","_links_to_target":""},"categories":[16,54,3218],"tags":[143,163,330,838,1737],"class_list":{"0":"post-36323","1":"post","2":"type-post","3":"status-publish","4":"format-standard","6":"category-monclar","7":"category-loisirs","8":"category-n148-juillet-2018","9":"tag-monclar-de-quercy","10":"tag-musique","11":"tag-rencontre","12":"tag-reveil-occitan","13":"tag-marche-occitan"},"jetpack_featured_media_url":"","views":{"total":0,"cached_at":"","cached_date":1738518978},"jetpack_likes_enabled":true,"jetpack_sharing_enabled":true,"jetpack_shortlink":"https:\/\/wp.me\/pg7Wxj-9rR","jetpack-related-posts":[],"_links":{"self":[{"href":"https:\/\/www.o-p-i.fr\/parlonsen\/wp-json\/wp\/v2\/posts\/36323","targetHints":{"allow":["GET"]}}],"collection":[{"href":"https:\/\/www.o-p-i.fr\/parlonsen\/wp-json\/wp\/v2\/posts"}],"about":[{"href":"https:\/\/www.o-p-i.fr\/parlonsen\/wp-json\/wp\/v2\/types\/post"}],"author":[{"embeddable":true,"href":"https:\/\/www.o-p-i.fr\/parlonsen\/wp-json\/wp\/v2\/users\/4"}],"replies":[{"embeddable":true,"href":"https:\/\/www.o-p-i.fr\/parlonsen\/wp-json\/wp\/v2\/comments?post=36323"}],"version-history":[{"count":0,"href":"https:\/\/www.o-p-i.fr\/parlonsen\/wp-json\/wp\/v2\/posts\/36323\/revisions"}],"wp:attachment":[{"href":"https:\/\/www.o-p-i.fr\/parlonsen\/wp-json\/wp\/v2\/media?parent=36323"}],"wp:term":[{"taxonomy":"category","embeddable":true,"href":"https:\/\/www.o-p-i.fr\/parlonsen\/wp-json\/wp\/v2\/categories?post=36323"},{"taxonomy":"post_tag","embeddable":true,"href":"https:\/\/www.o-p-i.fr\/parlonsen\/wp-json\/wp\/v2\/tags?post=36323"}],"curies":[{"name":"wp","href":"https:\/\/api.w.org\/{rel}","templated":true}]}}