{"id":3642,"date":"2010-05-05T13:35:19","date_gmt":"2010-05-05T11:35:19","guid":{"rendered":"\/parlonsen\/?p=3642"},"modified":"2010-05-05T15:55:32","modified_gmt":"2010-05-05T13:55:32","slug":"passion-du-cirque-a-la-mediatheque-de-castelnau-de-montmiral","status":"publish","type":"post","link":"https:\/\/www.o-p-i.fr\/parlonsen\/parlons-en\/culture\/passion-du-cirque-a-la-mediatheque-de-castelnau-de-montmiral\/","title":{"rendered":"Passion du Cirque \u00e0 la M\u00e9diath\u00e8que de Castelnau de Montmiral"},"content":{"rendered":"<p style=\"text-align: justify;\">La m\u00e9diath\u00e8que de Castelnau de Montmiral vous pr\u00e9sente sa prochaine exposition\u00a0 : <span style=\"color: #ff6600;\"><strong>Passion du cirque<\/strong><\/span>, exposition de la Biblioth\u00e8que D\u00e9partementale du Tarn enrichie des \u0153uvres des \u00e9coliers de Montmiral <span style=\"color: #ff6600;\"><strong>du  11 mai au 3 juillet 2010<\/strong><!--more--><\/span>, \u00e0 la <a title=\"En savoir +\" href=\"https:\/\/www.o-p-i.fr\/aupays\/annuaire\/administrations\/mediatheque-charles-portal-a-castelnau-de-montmiral\/\">m\u00e9diath\u00e8que  Charles Portal<\/a><\/p>\n<p style=\"text-align: justify;\"><span style=\"color: #ff6600;\"><strong><\/strong><\/span><\/p>\n<figure id=\"attachment_3674\" aria-describedby=\"caption-attachment-3674\" style=\"width: 400px\" class=\"wp-caption alignleft\"><strong><strong><img data-recalc-dims=\"1\" loading=\"lazy\" decoding=\"async\" class=\"size-full wp-image-3674\" title=\"Exposition \u00e0 la M\u00e9diath\u00e8que Ch. Portal \" src=\"https:\/\/i0.wp.com\/www.o-p-i.fr\/parlonsen\/wp-content\/uploads\/aff_cirque_cm.jpg?resize=400%2C280&#038;ssl=1\" alt=\"Exposition \u00e0 la M\u00e9diath\u00e8que Ch. Portal\" width=\"400\" height=\"280\" srcset=\"https:\/\/i0.wp.com\/www.o-p-i.fr\/parlonsen\/wp-content\/uploads\/aff_cirque_cm.jpg?w=400&amp;ssl=1 400w, https:\/\/i0.wp.com\/www.o-p-i.fr\/parlonsen\/wp-content\/uploads\/aff_cirque_cm.jpg?resize=300%2C210&amp;ssl=1 300w\" sizes=\"auto, (max-width: 400px) 100vw, 400px\" \/><\/strong><\/strong><figcaption id=\"caption-attachment-3674\" class=\"wp-caption-text\">Exposition \u00e0 la M\u00e9diath\u00e8que Charles Portal -  Castelnau de Montmiral  (81)<\/figcaption><\/figure>\n<p><span style=\"color: #ff6600;\"><strong>Jours d&rsquo;ouvertures : <\/strong><\/span><br \/>\nles mardis de 10 \u00e0 12h  et les samedis de 16 \u00e0 18h.<\/p>\n<p style=\"text-align: justify;\"><span style=\"color: #ff6600;\"><strong>Contact : <a title=\"En savoir +\" href=\"https:\/\/www.o-p-i.fr\/aupays\/annuaire\/administrations\/mediatheque-charles-portal-a-castelnau-de-montmiral\/\">M\u00e9diath\u00e8que   Charles Portal<\/a><\/strong><\/span><br \/>\nRue du Commerce\u00a0 &#8211; Castelnau de Montmiral<\/p>\n<p style=\"text-align: justify;\"><em>Communiqu\u00e9 de Florence Daniel-Desforges<br \/>\n<\/em><\/p>\n","protected":false},"excerpt":{"rendered":"<div class=\"mh-excerpt\">La m\u00e9diath\u00e8que de Castelnau de Montmiral vous pr\u00e9sente sa prochaine exposition\u00a0 : Passion du cirque, exposition de la Biblioth\u00e8que D\u00e9partementale du Tarn enrichie des \u0153uvres des \u00e9coliers de Montmiral du 11 mai au 3 juillet <a class=\"mh-excerpt-more\" href=\"https:\/\/www.o-p-i.fr\/parlonsen\/parlons-en\/culture\/passion-du-cirque-a-la-mediatheque-de-castelnau-de-montmiral\/\" title=\"Passion du Cirque \u00e0 la M\u00e9diath\u00e8que de Castelnau de Montmiral\">[&#8230;]<\/a><\/div>\n","protected":false},"author":2,"featured_media":0,"comment_status":"open","ping_status":"open","sticky":false,"template":"","format":"standard","meta":{"om_disable_all_campaigns":false,"advanced_seo_description":"","jetpack_seo_html_title":"","jetpack_seo_noindex":false,"_jetpack_memberships_contains_paid_content":false,"footnotes":"","_links_to":"","_links_to_target":""},"categories":[22,1,54,25,356,503],"tags":[158,172,507],"class_list":{"0":"post-3642","1":"post","2":"type-post","3":"status-publish","4":"format-standard","6":"category-castelnau","7":"category-culture","8":"category-loisirs","9":"category-salvagnac","10":"category-n-47-mars-2010","11":"category-n-49-mai-2010","12":"tag-castelnau-de-montmiral","13":"tag-exposition","14":"tag-cirque"},"jetpack_featured_media_url":"","views":{"total":0,"cached_at":"","cached_date":1738508481},"jetpack_likes_enabled":true,"jetpack_sharing_enabled":true,"jetpack_shortlink":"https:\/\/wp.me\/pg7Wxj-WK","jetpack-related-posts":[],"_links":{"self":[{"href":"https:\/\/www.o-p-i.fr\/parlonsen\/wp-json\/wp\/v2\/posts\/3642","targetHints":{"allow":["GET"]}}],"collection":[{"href":"https:\/\/www.o-p-i.fr\/parlonsen\/wp-json\/wp\/v2\/posts"}],"about":[{"href":"https:\/\/www.o-p-i.fr\/parlonsen\/wp-json\/wp\/v2\/types\/post"}],"author":[{"embeddable":true,"href":"https:\/\/www.o-p-i.fr\/parlonsen\/wp-json\/wp\/v2\/users\/2"}],"replies":[{"embeddable":true,"href":"https:\/\/www.o-p-i.fr\/parlonsen\/wp-json\/wp\/v2\/comments?post=3642"}],"version-history":[{"count":0,"href":"https:\/\/www.o-p-i.fr\/parlonsen\/wp-json\/wp\/v2\/posts\/3642\/revisions"}],"wp:attachment":[{"href":"https:\/\/www.o-p-i.fr\/parlonsen\/wp-json\/wp\/v2\/media?parent=3642"}],"wp:term":[{"taxonomy":"category","embeddable":true,"href":"https:\/\/www.o-p-i.fr\/parlonsen\/wp-json\/wp\/v2\/categories?post=3642"},{"taxonomy":"post_tag","embeddable":true,"href":"https:\/\/www.o-p-i.fr\/parlonsen\/wp-json\/wp\/v2\/tags?post=3642"}],"curies":[{"name":"wp","href":"https:\/\/api.w.org\/{rel}","templated":true}]}}