{"id":36441,"date":"2018-06-28T16:30:33","date_gmt":"2018-06-28T15:30:33","guid":{"rendered":"\/parlonsen\/?p=36441"},"modified":"2018-06-28T17:04:12","modified_gmt":"2018-06-28T16:04:12","slug":"cest-la-fete-a-villebrumier-82-2","status":"publish","type":"post","link":"https:\/\/www.o-p-i.fr\/parlonsen\/localisation\/au-pays-des-tescous\/villebrumier\/cest-la-fete-a-villebrumier-82-2\/","title":{"rendered":"C&rsquo;est la f\u00eate&#8230;\u00e0 Villebrumier (82)"},"content":{"rendered":"<p><strong>Vendredi 6, samedi 7 et dimanche 8 juillet 2018<\/strong>, f\u00eate du village.<!--more--><\/p>\n<p><img data-recalc-dims=\"1\" loading=\"lazy\" decoding=\"async\" class=\"alignright size-medium wp-image-36445\" src=\"https:\/\/i0.wp.com\/www.o-p-i.fr\/parlonsen\/wp-content\/uploads\/F%C3%AAte-villebrumier.jpg?resize=300%2C300&#038;ssl=1\" alt=\"\" width=\"300\" height=\"300\" srcset=\"https:\/\/i0.wp.com\/www.o-p-i.fr\/parlonsen\/wp-content\/uploads\/F%C3%AAte-villebrumier.jpg?resize=300%2C300&amp;ssl=1 300w, https:\/\/i0.wp.com\/www.o-p-i.fr\/parlonsen\/wp-content\/uploads\/F%C3%AAte-villebrumier.jpg?resize=150%2C150&amp;ssl=1 150w, https:\/\/i0.wp.com\/www.o-p-i.fr\/parlonsen\/wp-content\/uploads\/F%C3%AAte-villebrumier.jpg?resize=400%2C400&amp;ssl=1 400w, https:\/\/i0.wp.com\/www.o-p-i.fr\/parlonsen\/wp-content\/uploads\/F%C3%AAte-villebrumier.jpg?w=425&amp;ssl=1 425w\" sizes=\"auto, (max-width: 300px) 100vw, 300px\" \/><strong>Au programme:\u00a0<\/strong><\/p>\n<ul>\n<li>Vendredi\n<ul>\n<li>19 h. March\u00e9 gourmand anim\u00e9 par Trafiko<\/li>\n<li>22 h.30\u00a0Soir\u00e9e Rock avec Ze Fraggels<\/li>\n<\/ul>\n<\/li>\n<li>Samedi\n<ul>\n<li>14h.30 Concours de p\u00e9tanque en doublette<\/li>\n<li>19h. Auberge espagnole<\/li>\n<li>22h. Rock Festif 100% live avec la French Teuf<\/li>\n<\/ul>\n<\/li>\n<li>Dimanche\n<ul>\n<li>12h. Ap\u00e9ro concert au quai des brumes<\/li>\n<li>19h. Repas \u00ab\u00a0Cochon \u00e0 la broche\u00a0\u00bb 16\u20acuros adultes, 8\u20acuros enfants &#8211; de 11ans<\/li>\n<li><strong>Inscription<\/strong>\u00a0jusqu&rsquo;au 6 juillet pour le repas: Amandine 06 89 09 71 75<\/li>\n<li>22h. Disco Mobil \u00ab\u00a0F\u00e9lix Mix\u00a0\u00bb<\/li>\n<\/ul>\n<\/li>\n<\/ul>\n<p>Renseignements aupr\u00e8s du comit\u00e9 des f\u00eates.<\/p>\n<p><em>Information communiqu\u00e9e par Ang\u00e9lique TESSIER et Amandine VINEL<\/em><\/p>\n<p><a href=\"https:\/\/www.o-p-i.fr\/parlonsen\/agenda\/\"><strong>Retrouvez tous les \u00e9v\u00e9nements dans l&rsquo;agenda !<\/strong><\/a><\/p>\n<p>&nbsp;<\/p>\n","protected":false},"excerpt":{"rendered":"<div class=\"mh-excerpt\">Vendredi 6, samedi 7 et dimanche 8 juillet 2018, f\u00eate du village.<\/div>\n","protected":false},"author":4,"featured_media":0,"comment_status":"open","ping_status":"open","sticky":false,"template":"","format":"standard","meta":{"om_disable_all_campaigns":false,"advanced_seo_description":"","jetpack_seo_html_title":"","jetpack_seo_noindex":false,"_jetpack_memberships_contains_paid_content":false,"footnotes":"","_links_to":"","_links_to_target":""},"categories":[54,19,3218],"tags":[2038,56,2544,303,1736],"class_list":{"0":"post-36441","1":"post","2":"type-post","3":"status-publish","4":"format-standard","6":"category-loisirs","7":"category-villebrumier","8":"category-n148-juillet-2018","9":"tag-auberge-espagnole","10":"tag-fete","11":"tag-villebrumier","12":"tag-marche-gourmand","13":"tag-concours-de-petanque"},"jetpack_featured_media_url":"","views":{"total":2,"cached_at":"","cached_date":1738508545},"jetpack_likes_enabled":true,"jetpack_sharing_enabled":true,"jetpack_shortlink":"https:\/\/wp.me\/pg7Wxj-9tL","jetpack-related-posts":[],"_links":{"self":[{"href":"https:\/\/www.o-p-i.fr\/parlonsen\/wp-json\/wp\/v2\/posts\/36441","targetHints":{"allow":["GET"]}}],"collection":[{"href":"https:\/\/www.o-p-i.fr\/parlonsen\/wp-json\/wp\/v2\/posts"}],"about":[{"href":"https:\/\/www.o-p-i.fr\/parlonsen\/wp-json\/wp\/v2\/types\/post"}],"author":[{"embeddable":true,"href":"https:\/\/www.o-p-i.fr\/parlonsen\/wp-json\/wp\/v2\/users\/4"}],"replies":[{"embeddable":true,"href":"https:\/\/www.o-p-i.fr\/parlonsen\/wp-json\/wp\/v2\/comments?post=36441"}],"version-history":[{"count":0,"href":"https:\/\/www.o-p-i.fr\/parlonsen\/wp-json\/wp\/v2\/posts\/36441\/revisions"}],"wp:attachment":[{"href":"https:\/\/www.o-p-i.fr\/parlonsen\/wp-json\/wp\/v2\/media?parent=36441"}],"wp:term":[{"taxonomy":"category","embeddable":true,"href":"https:\/\/www.o-p-i.fr\/parlonsen\/wp-json\/wp\/v2\/categories?post=36441"},{"taxonomy":"post_tag","embeddable":true,"href":"https:\/\/www.o-p-i.fr\/parlonsen\/wp-json\/wp\/v2\/tags?post=36441"}],"curies":[{"name":"wp","href":"https:\/\/api.w.org\/{rel}","templated":true}]}}