{"id":36491,"date":"2018-07-04T21:58:41","date_gmt":"2018-07-04T20:58:41","guid":{"rendered":"\/parlonsen\/?p=36491"},"modified":"2018-07-04T22:02:51","modified_gmt":"2018-07-04T21:02:51","slug":"cinema-en-plein-air-au-pays-des-tescous","status":"publish","type":"post","link":"https:\/\/www.o-p-i.fr\/parlonsen\/localisation\/au-pays-des-tescous\/genebrieres\/cinema-en-plein-air-au-pays-des-tescous\/","title":{"rendered":"\u00ab\u00a0Cin\u00e9ma en plein air\u00a0\u00bb&#8230;au Pays des Tescou&rsquo;s"},"content":{"rendered":"<p>En <strong>juillet et ao\u00fbt 2018<\/strong>, demandez le programme!&#8230;<!--more--><\/p>\n<p><img data-recalc-dims=\"1\" loading=\"lazy\" decoding=\"async\" class=\"alignright wp-image-36492 size-full\" src=\"https:\/\/i0.wp.com\/www.o-p-i.fr\/parlonsen\/wp-content\/uploads\/Cin%C3%A9-plein-air.jpg?resize=567%2C393&#038;ssl=1\" alt=\"\" width=\"567\" height=\"393\" srcset=\"https:\/\/i0.wp.com\/www.o-p-i.fr\/parlonsen\/wp-content\/uploads\/Cin%C3%A9-plein-air.jpg?w=567&amp;ssl=1 567w, https:\/\/i0.wp.com\/www.o-p-i.fr\/parlonsen\/wp-content\/uploads\/Cin%C3%A9-plein-air.jpg?resize=300%2C208&amp;ssl=1 300w, https:\/\/i0.wp.com\/www.o-p-i.fr\/parlonsen\/wp-content\/uploads\/Cin%C3%A9-plein-air.jpg?resize=150%2C104&amp;ssl=1 150w, https:\/\/i0.wp.com\/www.o-p-i.fr\/parlonsen\/wp-content\/uploads\/Cin%C3%A9-plein-air.jpg?resize=400%2C277&amp;ssl=1 400w\" sizes=\"auto, (max-width: 567px) 100vw, 567px\" \/>La Communaut\u00e9 de Communes du Quercy Vert Aveyron avec la participation des communes de Genebri\u00e8res, Puygaillard-de-Quercy, St-Etienne-de-Tulmont et Va\u00efssac organisent un festival cin\u00e9ma en plein air avec <strong>au programme<\/strong> :<\/p>\n<ul>\n<li>mercredi 11 juillet 2018 sur Genebri\u00e8res :<br \/>\n<strong>Tous en sc\u00e8ne, <\/strong><a href=\"http:\/\/www.allocine.fr\/video\/player_gen_cmedia=19565998&amp;cfilm=227066.html\" target=\"_blank\" rel=\"noopener noreferrer\">cliquez pour voir la bande annonce<\/a><\/li>\n<li>\u00a0mercredi 25 juillet\u00a02018 sur Va\u00efssac :<br \/>\n<strong>Un sac de billes<\/strong>,\u00a0<a href=\"http:\/\/www.allocine.fr\/video\/player_gen_cmedia=19566981&amp;cfilm=235620.html\" target=\"_blank\" rel=\"noopener noreferrer\">cliquez pour voir la bande annonce<\/a><\/li>\n<li>mercredi 8 ao\u00fbt 2018 sur Puygaillard-de-Quercy :<br \/>\n<strong>Sage femme<\/strong>,\u00a0<a href=\"http:\/\/www.allocine.fr\/video\/player_gen_cmedia=19568483&amp;cfilm=244371.html\" target=\"_blank\" rel=\"noopener noreferrer\">cliquez pour voir la bande annonce<\/a><\/li>\n<li>mercredi 22 ao\u00fbt 2018 sur St-Etienne-de-Tulmont :<br \/>\n<strong>C&rsquo;est beau la vie quand on y pense<\/strong>,\u00a0<a href=\"http:\/\/www.allocine.fr\/video\/player_gen_cmedia=19568866&amp;cfilm=249860.html\" target=\"_blank\" rel=\"noopener noreferrer\">cliquez pour voir la bande annonce<\/a><\/li>\n<\/ul>\n<p>Repli en salle en cas de mauvais temps.<br \/>\nTout public<br \/>\nGratuit<\/p>\n<p><em>Information communiqu\u00e9e par\u00a0Lory BRANA<\/em><\/p>\n<p><a href=\"https:\/\/www.o-p-i.fr\/parlonsen\/agenda\/\"><strong>Retrouvez tous les \u00e9v\u00e9nements dans l&rsquo;agenda !<\/strong><\/a><\/p>\n","protected":false},"excerpt":{"rendered":"<div class=\"mh-excerpt\">En juillet et ao\u00fbt 2018, demandez le programme!&#8230;<\/div>\n","protected":false},"author":4,"featured_media":0,"comment_status":"open","ping_status":"open","sticky":false,"template":"","format":"standard","meta":{"om_disable_all_campaigns":false,"advanced_seo_description":"","jetpack_seo_html_title":"","jetpack_seo_noindex":false,"_jetpack_memberships_contains_paid_content":false,"footnotes":"","_links_to":"","_links_to_target":""},"categories":[828,29,54,33,3218],"tags":[2552,203,315,2556,2857],"class_list":{"0":"post-36491","1":"post","2":"type-post","3":"status-publish","4":"format-standard","6":"category-au-pays-des-tescous","7":"category-genebrieres","8":"category-loisirs","9":"category-puygaillard-de-quercy","10":"category-n148-juillet-2018","11":"tag-genebrieres","12":"tag-saint-etienne-de-tulmont","13":"tag-vaissac","14":"tag-puygaillard-de-quercy","15":"tag-cinema-en-plein-air"},"jetpack_featured_media_url":"","views":{"total":0,"cached_at":"","cached_date":1738508463},"jetpack_likes_enabled":true,"jetpack_sharing_enabled":true,"jetpack_shortlink":"https:\/\/wp.me\/pg7Wxj-9uz","jetpack-related-posts":[],"_links":{"self":[{"href":"https:\/\/www.o-p-i.fr\/parlonsen\/wp-json\/wp\/v2\/posts\/36491","targetHints":{"allow":["GET"]}}],"collection":[{"href":"https:\/\/www.o-p-i.fr\/parlonsen\/wp-json\/wp\/v2\/posts"}],"about":[{"href":"https:\/\/www.o-p-i.fr\/parlonsen\/wp-json\/wp\/v2\/types\/post"}],"author":[{"embeddable":true,"href":"https:\/\/www.o-p-i.fr\/parlonsen\/wp-json\/wp\/v2\/users\/4"}],"replies":[{"embeddable":true,"href":"https:\/\/www.o-p-i.fr\/parlonsen\/wp-json\/wp\/v2\/comments?post=36491"}],"version-history":[{"count":0,"href":"https:\/\/www.o-p-i.fr\/parlonsen\/wp-json\/wp\/v2\/posts\/36491\/revisions"}],"wp:attachment":[{"href":"https:\/\/www.o-p-i.fr\/parlonsen\/wp-json\/wp\/v2\/media?parent=36491"}],"wp:term":[{"taxonomy":"category","embeddable":true,"href":"https:\/\/www.o-p-i.fr\/parlonsen\/wp-json\/wp\/v2\/categories?post=36491"},{"taxonomy":"post_tag","embeddable":true,"href":"https:\/\/www.o-p-i.fr\/parlonsen\/wp-json\/wp\/v2\/tags?post=36491"}],"curies":[{"name":"wp","href":"https:\/\/api.w.org\/{rel}","templated":true}]}}