{"id":3656,"date":"2010-05-04T11:54:21","date_gmt":"2010-05-04T09:54:21","guid":{"rendered":"\/parlonsen\/?p=3656"},"modified":"2010-05-06T11:58:01","modified_gmt":"2010-05-06T09:58:01","slug":"vernissage-rencontre-musicale-et-soiree-lecture-au-5-a-rabastens","status":"publish","type":"post","link":"https:\/\/www.o-p-i.fr\/parlonsen\/parlons-en\/culture\/vernissage-rencontre-musicale-et-soiree-lecture-au-5-a-rabastens\/","title":{"rendered":"Vernissage, Rencontre Musicale et Soir\u00e9e Lecture au \u00ab\u00a05\u00a0\u00bb &#8230; \u00e0 Rabastens"},"content":{"rendered":"<p style=\"text-align: justify;\">Le <span style=\"color: #000080;\"><strong>vendredi 7 mai 2010<\/strong><\/span> \u00e0 partir de 18h30, Vernissage de l<span style=\"color: #000080;\"><strong>&lsquo;exposition de Christophe Richard<\/strong> \u00ab\u00a0<strong>Dessins<\/strong><\/span>\u00a0\u00bb ;  <span style=\"color: #800080;\"><strong><span style=\"color: #000080;\">Mardi 19 Mai 2010<\/span> <\/strong><\/span>\u00e0 20h30, <span style=\"color: #800080;\"><strong><span style=\"color: #000080;\">Rencontre musicale<\/span> <\/strong><\/span>au c\u0153ur de l\u2019\u00e2me et pr\u00e9sentation du travail de <strong><span style=\"color: #000080;\">C\u00e9cile  M. Alembic<\/span><\/strong><span style=\"color: #800080;\"><span style=\"color: #000000;\"> :<\/span><strong> <\/strong><\/span>\u00ab\u00a0<span style=\"color: #000080;\"><strong>Cercle de femmes<\/strong><\/span>\u00ab\u00a0.<!--more--><\/p>\n<figure id=\"attachment_3662\" aria-describedby=\"caption-attachment-3662\" style=\"width: 500px\" class=\"wp-caption alignleft\"><img data-recalc-dims=\"1\" loading=\"lazy\" decoding=\"async\" class=\"size-full wp-image-3662\" title=\"&quot;Dessins&quot; par Christophe Richard\" src=\"https:\/\/i0.wp.com\/www.o-p-i.fr\/parlonsen\/wp-content\/uploads\/expo_5_dessins.jpg?resize=500%2C382&#038;ssl=1\" alt=\"&quot;Dessins&quot; par Christophe Richard\" width=\"500\" height=\"382\" srcset=\"https:\/\/i0.wp.com\/www.o-p-i.fr\/parlonsen\/wp-content\/uploads\/expo_5_dessins.jpg?w=500&amp;ssl=1 500w, https:\/\/i0.wp.com\/www.o-p-i.fr\/parlonsen\/wp-content\/uploads\/expo_5_dessins.jpg?resize=300%2C229&amp;ssl=1 300w\" sizes=\"auto, (max-width: 500px) 100vw, 500px\" \/><figcaption id=\"caption-attachment-3662\" class=\"wp-caption-text\">&quot;Dessins&quot; par Christophe Richard<\/figcaption><\/figure>\n<p style=\"text-align: justify;\"><span style=\"color: #000080;\"><strong>Exposition  de Christophe Richard<\/strong> &#8211;\u00a0 \u00ab\u00a0<strong>Dessins<\/strong>\u00ab\u00a0<\/span><br \/>\n<span style=\"color: #000000;\">Du 4 au 29 Mai 2010<\/span><\/p>\n<p style=\"text-align: justify;\"><span style=\"color: #800080;\"><strong><span style=\"color: #000080;\">Rencontre musicale au c\u0153ur de l\u2019\u00e2me<\/span><br \/>\n<\/strong><\/span><span style=\"color: #000000;\">Mercredi  19 Mai 2010 \u00e0 20h30<\/span><\/p>\n<p style=\"text-align: justify;\"><span style=\"color: #000080;\">C\u00e9cile M. Alembic<\/span> \u00e9tudie l\u2019art du spectacle vivant \u00e0 l\u2019\u00c9cole\u00a0 de l\u2019Acteur \u00e0 Toulouse. Elle d\u00e9veloppe le chant et la danse de l\u2019\u00e2me en autodidacte. Elle accompagne les femmes dans leur d\u00e9veloppement personnel gr\u00e2ce \u00e0 des pratiques corporelles et vocales \u00e0 Toulouse. A l&rsquo;issue de ce concert, o\u00f9 elle sera  accompagn\u00e9e par <span style=\"color: #800080;\"><span style=\"color: #000080;\">Coen Engelhard<\/span> <\/span>(au  violoncelle, \u00e0 la viole et au cymbalum), elle pr\u00e9sentera son travail de \u00ab<span style=\"color: #000080;\">cercle de femmes<\/span>\u00bb.<\/p>\n<p><span style=\"color: #000080;\"><strong>Albert Camus lu par Gilles Fossier<br \/>\n<\/strong><\/span>Vendredi 28 Mai \u00e0 19h00<\/p>\n<p style=\"text-align: justify;\">Lecture de la conf\u00e9rence donn\u00e9e le 10 d\u00e9cembre 1957 \u00e0 l&rsquo;occasion de l&rsquo;attribution du prix Nobel.<\/p>\n<p style=\"text-align: justify;\">Lecture de la conf\u00e9rence donn\u00e9e le 14 d\u00e9cembre 1957 intitul\u00e9e : \u00ab\u00a0l&rsquo;artiste et son temps\u00a0\u00bb<\/p>\n<p style=\"text-align: justify;\">\u00ab (\u2026)Quand une classe dirigeante mesure ses fortunes non plus \u00e0 l\u2018arpent de terre ni au lingot d\u2019or, mais au nombre de chiffres correspondant id\u00e9alement \u00e0 un certain nombre d\u2019op\u00e9rations d\u2019\u00e9change, elle se voue du m\u00eame coup \u00e0 mettre une certaine sorte de mystification au centre de son exp\u00e9rience et de son univers. Une soci\u00e9t\u00e9 fond\u00e9e sur des signes est, dans son essence, une soci\u00e9t\u00e9 artificielle o\u00f9 la v\u00e9rit\u00e9 charnelle de l\u2019homme se trouve mystifi\u00e9e. (\u2026.)  D\u00e8s lors, quoi de surprenant si cette soci\u00e9t\u00e9 n\u2019a pas demand\u00e9 \u00e0 l\u2019art d\u2019\u00eatre un instrument de lib\u00e9ration, mais un exercice sans grande cons\u00e9quence, et un simple divertissement. \u00bb<\/p>\n<p><span style=\"color: #000080;\"><strong>Contact : Le \u201c5\u2033<br \/>\n<\/strong>5 quai escoussi\u00e8res<br \/>\n81800 Rabastens<\/span><\/p>\n<p><span style=\"color: #000080;\"><strong>T\u00e9l. : <\/strong>06  16  33 74 52<\/span><\/p>\n<p><span style=\"color: #000080;\"><strong>Courriel : <\/strong><a href=\"mailto:lecinq.5@orange.fr\">lecinq.5@orange.fr<\/a><\/span><\/p>\n<p><span style=\"color: #000080;\"><strong>Site : <\/strong><a title=\"Ouvre le site dans une nouvelle fen\u00eatre\" href=\"http:\/\/lecinq5.jimdo.com\/\" target=\"_blank\">http:\/\/lecinq5.jimdo.com\/<\/a><\/span><\/p>\n<p><em>Communiqu\u00e9 de l\u2019Association Le 5<\/em><\/p>\n<p><span style=\"color: #000080;\"><a href=\"https:\/\/www.o-p-i.fr\/parlonsen\/agenda\/\"><strong>Retrouvez tous les \u00e9v\u00e8nements dans l&rsquo;agenda !<\/strong><\/a><\/span><\/p>\n","protected":false},"excerpt":{"rendered":"<div class=\"mh-excerpt\">Le vendredi 7 mai 2010 \u00e0 partir de 18h30, Vernissage de l&lsquo;exposition de Christophe Richard \u00ab\u00a0Dessins\u00a0\u00bb ; Mardi 19 Mai 2010 \u00e0 20h30, Rencontre musicale au c\u0153ur de l\u2019\u00e2me et pr\u00e9sentation du travail de C\u00e9cile <a class=\"mh-excerpt-more\" href=\"https:\/\/www.o-p-i.fr\/parlonsen\/parlons-en\/culture\/vernissage-rencontre-musicale-et-soiree-lecture-au-5-a-rabastens\/\" title=\"Vernissage, Rencontre Musicale et Soir\u00e9e Lecture au \u00ab\u00a05\u00a0\u00bb &#8230; \u00e0 Rabastens\">[&#8230;]<\/a><\/div>\n","protected":false},"author":2,"featured_media":0,"comment_status":"open","ping_status":"open","sticky":false,"template":"","format":"standard","meta":{"om_disable_all_campaigns":false,"advanced_seo_description":"","jetpack_seo_html_title":"","jetpack_seo_noindex":false,"_jetpack_memberships_contains_paid_content":false,"footnotes":"","_links_to":"","_links_to_target":""},"categories":[42,1,54,503],"tags":[94,172,234,326,330,515,43,72],"class_list":{"0":"post-3656","1":"post","2":"type-post","3":"status-publish","4":"format-standard","6":"category-a-cote-de-chez-nous","7":"category-culture","8":"category-loisirs","9":"category-n-49-mai-2010","10":"tag-lecture","11":"tag-exposition","12":"tag-conference","13":"tag-le-5","14":"tag-rencontre","15":"tag-albert-camus","16":"tag-concert","17":"tag-rabastens"},"jetpack_featured_media_url":"","views":{"total":0,"cached_at":"","cached_date":1738508550},"jetpack_likes_enabled":true,"jetpack_sharing_enabled":true,"jetpack_shortlink":"https:\/\/wp.me\/pg7Wxj-WY","jetpack-related-posts":[],"_links":{"self":[{"href":"https:\/\/www.o-p-i.fr\/parlonsen\/wp-json\/wp\/v2\/posts\/3656","targetHints":{"allow":["GET"]}}],"collection":[{"href":"https:\/\/www.o-p-i.fr\/parlonsen\/wp-json\/wp\/v2\/posts"}],"about":[{"href":"https:\/\/www.o-p-i.fr\/parlonsen\/wp-json\/wp\/v2\/types\/post"}],"author":[{"embeddable":true,"href":"https:\/\/www.o-p-i.fr\/parlonsen\/wp-json\/wp\/v2\/users\/2"}],"replies":[{"embeddable":true,"href":"https:\/\/www.o-p-i.fr\/parlonsen\/wp-json\/wp\/v2\/comments?post=3656"}],"version-history":[{"count":0,"href":"https:\/\/www.o-p-i.fr\/parlonsen\/wp-json\/wp\/v2\/posts\/3656\/revisions"}],"wp:attachment":[{"href":"https:\/\/www.o-p-i.fr\/parlonsen\/wp-json\/wp\/v2\/media?parent=3656"}],"wp:term":[{"taxonomy":"category","embeddable":true,"href":"https:\/\/www.o-p-i.fr\/parlonsen\/wp-json\/wp\/v2\/categories?post=3656"},{"taxonomy":"post_tag","embeddable":true,"href":"https:\/\/www.o-p-i.fr\/parlonsen\/wp-json\/wp\/v2\/tags?post=3656"}],"curies":[{"name":"wp","href":"https:\/\/api.w.org\/{rel}","templated":true}]}}