{"id":36584,"date":"2018-07-08T09:10:50","date_gmt":"2018-07-08T08:10:50","guid":{"rendered":"\/parlonsen\/?p=36584"},"modified":"2018-07-08T16:23:32","modified_gmt":"2018-07-08T15:23:32","slug":"mamzelle-bee-swing-a-lisle-sur-tarn-81","status":"publish","type":"post","link":"https:\/\/www.o-p-i.fr\/parlonsen\/localisation\/a-cote-de-chez-nous\/mamzelle-bee-swing-a-lisle-sur-tarn-81\/","title":{"rendered":"\u00ab\u00a0Mamz&rsquo;elle Bee Swing\u00a0\u00bb&#8230;\u00e0 Lisle sur Tarn (81)"},"content":{"rendered":"<p><strong>Dimanche 15 juillet 2018<\/strong> \u00e0 17h30, au mus\u00e9e Raymond Lagfage.<!--more--><img data-recalc-dims=\"1\" loading=\"lazy\" decoding=\"async\" class=\"alignright size-full wp-image-36585\" src=\"https:\/\/i0.wp.com\/www.o-p-i.fr\/parlonsen\/wp-content\/uploads\/bee.jpg?resize=283%2C283&#038;ssl=1\" alt=\"\" width=\"283\" height=\"283\" srcset=\"https:\/\/i0.wp.com\/www.o-p-i.fr\/parlonsen\/wp-content\/uploads\/bee.jpg?w=283&amp;ssl=1 283w, https:\/\/i0.wp.com\/www.o-p-i.fr\/parlonsen\/wp-content\/uploads\/bee.jpg?resize=150%2C150&amp;ssl=1 150w\" sizes=\"auto, (max-width: 283px) 100vw, 283px\" \/>Dans le cadre de ses expositions estivales le mus\u00e9e Raymond Lafage l&rsquo;accueille.<\/p>\n<p>Jupes crayons pour un look pin-up dans ann\u00e9es 1940, rouge \u00e0 l\u00e8vres \u00e9carlate, mise en plis gaufr\u00e9e et rousse incendiaire, Mamz&rsquo;elle Bee chante un swing fr\u00e9n\u00e9tique et roule des hanches en parcourant les grands standards du jazz, de Cole Porter \u00e0 Gershwing, Glenn Miller, Peggy Lee, les Andrews Sisters, jusqu&rsquo;aux plus belles chansons de l&rsquo;\u00e2ge d&rsquo;or hollywoodien !<\/p>\n<p>Le Mamz&rsquo;elle Bee Swing Show c&rsquo;est un spectacle unique avec une voix suave et sensuelle, un \u00ab One Woman Singing Show \u00bb ! Empruntant aux stars de cin\u00e9ma le sourire de croqueuses de diamant, Mamzelle Bee, votre h\u00f4tesse glamour vous invite \u00e0 un voyage dans le temps : des robes d&rsquo;\u00e9poque, des plumes, un d\u00e9cor irr\u00e9sistiblement vintage, le tout dans une atmosph\u00e8re classieuse !<br \/>\nC&rsquo;est parti jusqu&rsquo;\u00e0 2h dans l&rsquo;Am\u00e9rique &lsquo;?apr\u00e8s-guerre !<\/p>\n<p>A la suite du concert une d\u00e9gustation de vin vous sera propos\u00e9e par le Domaine du Haut des Vergnades.<\/p>\n<p>Mamz&rsquo;elle Bee Swing sera \u00e9galement pr\u00e9sente le 20 juillet 2018 dans le cadre des <strong><a href=\"https:\/\/www.o-p-i.fr\/parlonsen\/localisation\/castelnau\/les-musicales-a-castelnau-de-montmiral-81\/\" target=\"_blank\" rel=\"noopener noreferrer\">musicales de Castelnau de Montmiral<\/a><\/strong><\/p>\n<p><a href=\"http:\/\/museeraymondlafage.wifeo.com\/\" target=\"_blank\" rel=\"noopener noreferrer\"><img decoding=\"async\" src=\"https:\/\/www.o-p-i.fr\/aupays\/wp-content\/themes\/arras-theme\/library\/timthumb.php?src=https:\/\/www.o-p-i.fr\/aupays\/wp-content\/uploads\/logo_museeraymondlafage.jpg&amp;w=190&amp;h=100&amp;zc=1\" alt=\"Mus\u00c3\u0083\u00c2\u00a9e Raymond Lafage\" \/>Mus\u00e9e Raymond Lafage<\/a><br \/>\n10 rue Victor Mazi\u00e8s<br \/>\n81310-Lisle-sur-Tarn<br \/>\nT\u00e9l. :0563404545<br \/>\nCourriel :<a href=\"mailto:musee.lislesurtarn@wanadoo.fr\">musee.lislesurtarn@wanadoo.fr<\/a><\/p>\n<p><em>Information communiqu\u00e9e par Aurore<\/em><\/p>\n<p><a href=\"https:\/\/www.o-p-i.fr\/parlonsen\/agenda\/\"><strong>Retrouvez tous les \u00e9v\u00e9nements dans l&rsquo;agenda !<\/strong><\/a><\/p>\n","protected":false},"excerpt":{"rendered":"<div class=\"mh-excerpt\">Dimanche 15 juillet 2018 \u00e0 17h30, au mus\u00e9e Raymond Lagfage.<\/div>\n","protected":false},"author":4,"featured_media":0,"comment_status":"open","ping_status":"open","sticky":false,"template":"","format":"standard","meta":{"om_disable_all_campaigns":false,"advanced_seo_description":"","jetpack_seo_html_title":"","jetpack_seo_noindex":false,"_jetpack_memberships_contains_paid_content":false,"footnotes":"","_links_to":"","_links_to_target":""},"categories":[42,54,3218],"tags":[43,77,78,1830],"class_list":{"0":"post-36584","1":"post","2":"type-post","3":"status-publish","4":"format-standard","6":"category-a-cote-de-chez-nous","7":"category-loisirs","8":"category-n148-juillet-2018","9":"tag-concert","10":"tag-lisle-sur-tarn","11":"tag-musee-raymond-lafage","12":"tag-degustation-de-vins"},"jetpack_featured_media_url":"","views":{"total":0,"cached_at":"","cached_date":1738520634},"jetpack_likes_enabled":true,"jetpack_sharing_enabled":true,"jetpack_shortlink":"https:\/\/wp.me\/pg7Wxj-9w4","jetpack-related-posts":[],"_links":{"self":[{"href":"https:\/\/www.o-p-i.fr\/parlonsen\/wp-json\/wp\/v2\/posts\/36584","targetHints":{"allow":["GET"]}}],"collection":[{"href":"https:\/\/www.o-p-i.fr\/parlonsen\/wp-json\/wp\/v2\/posts"}],"about":[{"href":"https:\/\/www.o-p-i.fr\/parlonsen\/wp-json\/wp\/v2\/types\/post"}],"author":[{"embeddable":true,"href":"https:\/\/www.o-p-i.fr\/parlonsen\/wp-json\/wp\/v2\/users\/4"}],"replies":[{"embeddable":true,"href":"https:\/\/www.o-p-i.fr\/parlonsen\/wp-json\/wp\/v2\/comments?post=36584"}],"version-history":[{"count":0,"href":"https:\/\/www.o-p-i.fr\/parlonsen\/wp-json\/wp\/v2\/posts\/36584\/revisions"}],"wp:attachment":[{"href":"https:\/\/www.o-p-i.fr\/parlonsen\/wp-json\/wp\/v2\/media?parent=36584"}],"wp:term":[{"taxonomy":"category","embeddable":true,"href":"https:\/\/www.o-p-i.fr\/parlonsen\/wp-json\/wp\/v2\/categories?post=36584"},{"taxonomy":"post_tag","embeddable":true,"href":"https:\/\/www.o-p-i.fr\/parlonsen\/wp-json\/wp\/v2\/tags?post=36584"}],"curies":[{"name":"wp","href":"https:\/\/api.w.org\/{rel}","templated":true}]}}