{"id":36590,"date":"2018-07-08T16:21:02","date_gmt":"2018-07-08T15:21:02","guid":{"rendered":"\/parlonsen\/?p=36590"},"modified":"2018-07-08T16:35:04","modified_gmt":"2018-07-08T15:35:04","slug":"les-musicales-a-castelnau-de-montmiral-81","status":"publish","type":"post","link":"https:\/\/www.o-p-i.fr\/parlonsen\/localisation\/au-pays-des-tescous\/castelnau\/les-musicales-a-castelnau-de-montmiral-81\/","title":{"rendered":"Les Musicales &#8230; \u00e0 Castelnau de Montmiral (81)"},"content":{"rendered":"<p><strong>Jeudi 19, vendredi 20 et samedi 21 juillet 2018<\/strong>, Place des Arcades.<!--more--><img data-recalc-dims=\"1\" loading=\"lazy\" decoding=\"async\" class=\"alignright size-full wp-image-36592\" src=\"https:\/\/i0.wp.com\/www.o-p-i.fr\/parlonsen\/wp-content\/uploads\/musicales-1.jpg?resize=328%2C406&#038;ssl=1\" alt=\"\" width=\"328\" height=\"406\" srcset=\"https:\/\/i0.wp.com\/www.o-p-i.fr\/parlonsen\/wp-content\/uploads\/musicales-1.jpg?w=328&amp;ssl=1 328w, https:\/\/i0.wp.com\/www.o-p-i.fr\/parlonsen\/wp-content\/uploads\/musicales-1.jpg?resize=242%2C300&amp;ssl=1 242w, https:\/\/i0.wp.com\/www.o-p-i.fr\/parlonsen\/wp-content\/uploads\/musicales-1.jpg?resize=121%2C150&amp;ssl=1 121w\" sizes=\"auto, (max-width: 328px) 100vw, 328px\" \/><\/p>\n<h4>Au programme:<\/h4>\n<ul>\n<li>Jeudi 19 : soir\u00e9e danse.\n<ul>\n<li>De 19h \u00e0 21h : La D\u00e9ryves.<\/li>\n<li>De 21h \u00e0 minuit : Les Bombes 2Bal.<\/li>\n<\/ul>\n<\/li>\n<li>Vendredi 20 : soir\u00e9e blues swing rock.\n<ul>\n<li>De 19h \u00e0 21h : Jeff Zima.<\/li>\n<li>De 21h30 \u00e0 23h : Mam&rsquo;selle Bee,<\/li>\n<li>De 23h30 \u00e0 01h : Good Evening Mr Jack.<\/li>\n<\/ul>\n<\/li>\n<li>Samedi 21 : soir\u00e9e celtique. :\n<ul>\n<li>De 19h \u00e0 21h Ogham<\/li>\n<li>De 21h \u00e0 23h : Green Duck.<\/li>\n<li>De 23h30 \u00e0 01h30 : Les Naufrag\u00e9s.<\/li>\n<\/ul>\n<\/li>\n<li>Vendredi 20 et samedi 21 de 16h \u00e0 19h : Animations familles. Jeux en bois, Kirigami, maquillage, puzzle g\u00e9ant&#8230;cr\u00eapes, sorbets artisanaux.<\/li>\n<\/ul>\n<p>Tous les soirs : Buvettes, bi\u00e8res et vins de Gaillac, les grillades des D\u00e9gourdy&rsquo;s, les tartines de C\u00e9line, les menus sp\u00e9ciaux des restaurants Le M\u00e9nagier et l&rsquo;Auberge des Arcades, les pIzzas d&rsquo;Anita.<\/p>\n<p><em>Information communiqu\u00e9e par H\u00e9l\u00e8ne et Alain TARABOUT<\/em><\/p>\n<p><a href=\"https:\/\/www.o-p-i.fr\/parlonsen\/agenda\/\"><strong>Retrouvez tous les \u00e9v\u00e9nements dans l&rsquo;agenda !<\/strong><\/a><\/p>\n<p>&nbsp;<\/p>\n","protected":false},"excerpt":{"rendered":"<div class=\"mh-excerpt\">Jeudi 19, vendredi 20 et samedi 21 juillet 2018, Place des Arcades.<\/div>\n","protected":false},"author":4,"featured_media":0,"comment_status":"open","ping_status":"open","sticky":false,"template":"","format":"standard","meta":{"om_disable_all_campaigns":false,"advanced_seo_description":"","jetpack_seo_html_title":"","jetpack_seo_noindex":false,"_jetpack_memberships_contains_paid_content":false,"footnotes":"","_links_to":"","_links_to_target":""},"categories":[52,22,54,3218],"tags":[43,84,158,1500,1536,3273],"class_list":{"0":"post-36590","1":"post","2":"type-post","3":"status-publish","4":"format-standard","6":"category-parlons-en","7":"category-castelnau","8":"category-loisirs","9":"category-n148-juillet-2018","10":"tag-concert","11":"tag-danse","12":"tag-castelnau-de-montmiral","13":"tag-blues","14":"tag-rock","15":"tag-soiree-celtique"},"jetpack_featured_media_url":"","views":{"total":0,"cached_at":"","cached_date":1738520646},"jetpack_likes_enabled":true,"jetpack_sharing_enabled":true,"jetpack_shortlink":"https:\/\/wp.me\/pg7Wxj-9wa","jetpack-related-posts":[],"_links":{"self":[{"href":"https:\/\/www.o-p-i.fr\/parlonsen\/wp-json\/wp\/v2\/posts\/36590","targetHints":{"allow":["GET"]}}],"collection":[{"href":"https:\/\/www.o-p-i.fr\/parlonsen\/wp-json\/wp\/v2\/posts"}],"about":[{"href":"https:\/\/www.o-p-i.fr\/parlonsen\/wp-json\/wp\/v2\/types\/post"}],"author":[{"embeddable":true,"href":"https:\/\/www.o-p-i.fr\/parlonsen\/wp-json\/wp\/v2\/users\/4"}],"replies":[{"embeddable":true,"href":"https:\/\/www.o-p-i.fr\/parlonsen\/wp-json\/wp\/v2\/comments?post=36590"}],"version-history":[{"count":0,"href":"https:\/\/www.o-p-i.fr\/parlonsen\/wp-json\/wp\/v2\/posts\/36590\/revisions"}],"wp:attachment":[{"href":"https:\/\/www.o-p-i.fr\/parlonsen\/wp-json\/wp\/v2\/media?parent=36590"}],"wp:term":[{"taxonomy":"category","embeddable":true,"href":"https:\/\/www.o-p-i.fr\/parlonsen\/wp-json\/wp\/v2\/categories?post=36590"},{"taxonomy":"post_tag","embeddable":true,"href":"https:\/\/www.o-p-i.fr\/parlonsen\/wp-json\/wp\/v2\/tags?post=36590"}],"curies":[{"name":"wp","href":"https:\/\/api.w.org\/{rel}","templated":true}]}}