{"id":3666,"date":"2014-03-06T16:35:51","date_gmt":"2014-03-06T14:35:51","guid":{"rendered":"\/parlonsen\/?p=3666"},"modified":"2014-03-06T18:33:22","modified_gmt":"2014-03-06T16:33:22","slug":"accueillez-une-etudiante-autrichienne","status":"publish","type":"post","link":"https:\/\/www.o-p-i.fr\/parlonsen\/parlons-en\/pratique\/accueillez-une-etudiante-autrichienne\/","title":{"rendered":"Accueillez une \u00e9tudiante Autrichienne"},"content":{"rendered":"<p style=\"text-align: justify;\">Depuis sa cr\u00e9ation\u00a0 en 1994, l\u2019association <a title=\"En savoir +\" href=\"https:\/\/www.o-p-i.fr\/aupays\/annuaire\/loisirs\/autriche-et-pays-doc\/\">Autriche et Pays d\u2019Oc<\/a> permet \u00e0 des \u00e9tudiantes de l\u2019Universit\u00e9 de Langues Romanes de Vienne de s\u00e9journer dans des <span style=\"color: #000000;\"><strong>familles b\u00e9n\u00e9voles<\/strong><\/span> durant 2 \u00e0 4 semaines, en f\u00e9vrier,<span style=\"color: #808000;\"><strong><span style=\"color: #000000;\"> juillet, ao\u00fbt ou septembre<\/span>.<\/strong><\/span><!--more--><br \/>\n<img data-recalc-dims=\"1\" loading=\"lazy\" decoding=\"async\" class=\"alignright size-full wp-image-6676\" title=\"logo_autriche_pays_doc\" src=\"https:\/\/i0.wp.com\/www.o-p-i.fr\/parlonsen\/wp-content\/uploads\/logo_autriche_pays_doc.jpg?resize=300%2C265&#038;ssl=1\" alt=\"logo_autriche_pays_doc\" width=\"300\" height=\"265\" \/>Pour vous remercier de les accueillir, les \u00e9tudiantes sauront aider vos enfants pour l\u2019apprentissage de l\u2019<span style=\"color: #000000;\"><strong>allemand,<\/strong> de l\u2019<strong>anglais <\/strong>ou <\/span>bien vous seconder dans leur encadrement.<br \/>\nSi vous pensez pouvoir accueillir une \u00e9tudiante, contactez d\u00e8s \u00e0 pr\u00e9sent les responsables d\u2019<a title=\"En savoir +\" href=\"https:\/\/www.o-p-i.fr\/aupays\/annuaire\/loisirs\/autriche-et-pays-doc\/\">Autriche et Pays d\u2019Oc<\/a> qui \u0153uvrent en relation avec Peter Cichon professeur de fran\u00e7ais et d\u2019occitan \u00e0 Vienne.<\/p>\n<p style=\"text-align: justify;\"><a title=\"Cliquez pour ouvrir le site\" href=\"https:\/\/www.o-p-i.fr\/7alire\/category\/echange\/inscription-partie-famille-daccueil\/\">Retrouvez tous les documents n\u00e9cessaires sur le site 7 \u00e0 lire !<\/a><\/p>\n<p style=\"text-align: justify;\"><span style=\"color: #ff6600;\"><strong><span style=\"color: #000000;\">Contact : <\/span><a title=\"En savoir +\" href=\"https:\/\/www.o-p-i.fr\/aupays\/annuaire\/loisirs\/autriche-et-pays-doc\/\">Autriche  et Pays d\u2019Oc<\/a><\/strong><\/span><\/p>\n<p style=\"text-align: justify;\"><span style=\"color: #ff6600;\"><span style=\"color: #000000;\">T\u00e9l. : 06 71 00 29 25<\/span><br \/>\n<span style=\"color: #000000;\">Courriel : <\/span> <a href=\"mailto:journalrobert@wanadoo.fr \">journalrobert@wanadoo.fr <\/a><br \/>\n<span style=\"color: #000000;\">Site\u00a0: <\/span><a title=\"En savoir +\" href=\"https:\/\/www.o-p-i.fr\/7alire\">www.o-p-i.fr\/7alire<\/a><\/span><\/p>\n<p style=\"text-align: justify;\"><span style=\"color: #ff6600;\"><span style=\"color: #000000;\"><em>Communiqu\u00e9 de Robert Linas pour Autriche et Pays d&rsquo;Oc<\/em><\/span><br \/>\n<\/span><\/p>\n","protected":false},"excerpt":{"rendered":"<div class=\"mh-excerpt\">Depuis sa cr\u00e9ation\u00a0 en 1994, l\u2019association Autriche et Pays d\u2019Oc permet \u00e0 des \u00e9tudiantes de l\u2019Universit\u00e9 de Langues Romanes de Vienne de s\u00e9journer dans des familles b\u00e9n\u00e9voles durant 2 \u00e0 4 semaines, en f\u00e9vrier, juillet, <a class=\"mh-excerpt-more\" href=\"https:\/\/www.o-p-i.fr\/parlonsen\/parlons-en\/pratique\/accueillez-une-etudiante-autrichienne\/\" title=\"Accueillez une \u00e9tudiante Autrichienne\">[&#8230;]<\/a><\/div>\n","protected":false},"author":2,"featured_media":0,"comment_status":"open","ping_status":"open","sticky":false,"template":"","format":"standard","meta":{"om_disable_all_campaigns":false,"advanced_seo_description":"","jetpack_seo_html_title":"","jetpack_seo_noindex":false,"_jetpack_memberships_contains_paid_content":false,"footnotes":"","_links_to":"","_links_to_target":""},"categories":[28,40,23,42,22,29,34,24,26,30,16,31,32,35,6,33,17,18,25,21,20,27,19,503,563],"tags":[128,135,136,137],"class_list":{"0":"post-3666","1":"post","2":"type-post","3":"status-publish","4":"format-standard","6":"category-beauvais-sur-tescou","7":"category-bioule","8":"category-au-dela-du-pays","9":"category-a-cote-de-chez-nous","10":"category-castelnau","11":"category-genebrieres","12":"category-salvetat","13":"category-la-sauziere-saint-jean","14":"category-le-born","15":"category-leojac","16":"category-monclar","17":"category-montgaillard","18":"category-montdurausse","19":"category-montvalen","20":"category-pratique","21":"category-puygaillard-de-quercy","22":"category-saint_nauphary","23":"category-saint-urcisse","24":"category-salvagnac","25":"category-tauriac","26":"category-varennes","27":"category-verlhac-tescou","28":"category-villebrumier","29":"category-n-49-mai-2010","30":"category-n-50-juin-2010","31":"tag-autriche-et-pays-doc","32":"tag-langues-etrangeres","33":"tag-aide","34":"tag-famille-daccueil"},"jetpack_featured_media_url":"","views":{"total":0,"cached_at":"","cached_date":1738514619},"jetpack_likes_enabled":true,"jetpack_sharing_enabled":true,"jetpack_shortlink":"https:\/\/wp.me\/pg7Wxj-X8","jetpack-related-posts":[],"_links":{"self":[{"href":"https:\/\/www.o-p-i.fr\/parlonsen\/wp-json\/wp\/v2\/posts\/3666","targetHints":{"allow":["GET"]}}],"collection":[{"href":"https:\/\/www.o-p-i.fr\/parlonsen\/wp-json\/wp\/v2\/posts"}],"about":[{"href":"https:\/\/www.o-p-i.fr\/parlonsen\/wp-json\/wp\/v2\/types\/post"}],"author":[{"embeddable":true,"href":"https:\/\/www.o-p-i.fr\/parlonsen\/wp-json\/wp\/v2\/users\/2"}],"replies":[{"embeddable":true,"href":"https:\/\/www.o-p-i.fr\/parlonsen\/wp-json\/wp\/v2\/comments?post=3666"}],"version-history":[{"count":0,"href":"https:\/\/www.o-p-i.fr\/parlonsen\/wp-json\/wp\/v2\/posts\/3666\/revisions"}],"wp:attachment":[{"href":"https:\/\/www.o-p-i.fr\/parlonsen\/wp-json\/wp\/v2\/media?parent=3666"}],"wp:term":[{"taxonomy":"category","embeddable":true,"href":"https:\/\/www.o-p-i.fr\/parlonsen\/wp-json\/wp\/v2\/categories?post=3666"},{"taxonomy":"post_tag","embeddable":true,"href":"https:\/\/www.o-p-i.fr\/parlonsen\/wp-json\/wp\/v2\/tags?post=3666"}],"curies":[{"name":"wp","href":"https:\/\/api.w.org\/{rel}","templated":true}]}}