{"id":36675,"date":"2018-07-17T14:54:04","date_gmt":"2018-07-17T13:54:04","guid":{"rendered":"\/parlonsen\/?p=36675"},"modified":"2018-07-17T14:54:04","modified_gmt":"2018-07-17T13:54:04","slug":"rencontre-avec-les-chauves-souris-a-gasques-82","status":"publish","type":"post","link":"https:\/\/www.o-p-i.fr\/parlonsen\/parlons-en\/culture\/rencontre-avec-les-chauves-souris-a-gasques-82\/","title":{"rendered":"Rencontre avec les chauves-souris&#8230;\u00e0 Gasques (82)"},"content":{"rendered":"<p><strong>Jeudi 25 juillet 2018<\/strong>, faire, voir et \u00e9couter&#8230;<!--more--><img data-recalc-dims=\"1\" loading=\"lazy\" decoding=\"async\" class=\"alignright size-full wp-image-36676\" src=\"https:\/\/i0.wp.com\/www.o-p-i.fr\/parlonsen\/wp-content\/uploads\/chauves-souris.jpg?resize=425%2C300&#038;ssl=1\" alt=\"\" width=\"425\" height=\"300\" srcset=\"https:\/\/i0.wp.com\/www.o-p-i.fr\/parlonsen\/wp-content\/uploads\/chauves-souris.jpg?w=425&amp;ssl=1 425w, https:\/\/i0.wp.com\/www.o-p-i.fr\/parlonsen\/wp-content\/uploads\/chauves-souris.jpg?resize=300%2C212&amp;ssl=1 300w, https:\/\/i0.wp.com\/www.o-p-i.fr\/parlonsen\/wp-content\/uploads\/chauves-souris.jpg?resize=150%2C106&amp;ssl=1 150w, https:\/\/i0.wp.com\/www.o-p-i.fr\/parlonsen\/wp-content\/uploads\/chauves-souris.jpg?resize=400%2C282&amp;ssl=1 400w\" sizes=\"auto, (max-width: 425px) 100vw, 425px\" \/>Les chauves-souris, ces mammif\u00e8res discrets virevoltant \u00e0 la tomb\u00e9e de la nuit, sont partout autour de nous. Pourtant, elles restent m\u00e9connues et victimes de nombreuses id\u00e9es re\u00e7ues.<\/p>\n<p>Pour apprendre \u00e0 mieux les conna\u00eetre, la Soci\u00e9t\u00e9 Fran\u00e7aise pour l&rsquo;Etude et la Protection des Mammif\u00e8res (SFEPM) vous invite \u00e0 participer, les 25 et 26 ao\u00fbt 2018, \u00e0 ce grand \u00e9v\u00e8nement international.<br \/>\nPartout en France, des sp\u00e9cialistes vous proposent des conf\u00e9rences, des sorties nocturnes \u00e0 l&rsquo;\u00e9coute des chauves-souris, des expositions, des projections de films, des ateliers&#8230; gratuits et ouverts \u00e0 tous ! De riches rencontres pour d\u00e9couvrir, s&rsquo;enthousiasmer et aimer ces fascinants mammif\u00e8res nocturnes.<\/p>\n<p>Le CPIE Quercy-Garonne, dans le cadre de l&rsquo;animation du site Natura 2000 Quercy-Gascogne et en partenariat avec la Mairie de Gasques, vous propose de vivre \u00e0 Gasques, jeudi 25 juillet deux animations, \u00ab LA RONDE DES CHAUVES-SOURIS \u00bb:<\/p>\n<ul>\n<li>16h \u00e0 18h : Atelier construction de nichoirs (sur r\u00e9servation : 10 enfants 7 ans et plus, accompagn\u00e9s d&rsquo;un adulte)<\/li>\n<li>20h30 : Diaporama photos \/projection film prim\u00e9 (entr\u00e9e libre Salle des F\u00eates) suivi d&rsquo;une \u00e9coute des chauves-souris<\/li>\n<\/ul>\n<p>Renseignement \/ r\u00e9servation : CPIE Quercy Garonne 05 63 24 06 26<\/p>\n<p><strong><a href=\"http:\/\/www.maisondupatrimoine-midiquercy.org\" target=\"_blank\" rel=\"noopener noreferrer\">CPIE Quercy-Garonne Association Al Pa\u00efs de Boneta<\/a><\/strong><br \/>\nLabarthe 82 160 CAYLUS<br \/>\nT\u00e9l. : 05 63 24 06 26<br \/>\nCourriel : <a href=\"mailto:mdp82@wanadoo.fr\"><strong>mdp82@wanadoo.fr<\/strong><br \/>\n<\/a><br \/>\nInformation communiqu\u00e9e par\u00a0l&rsquo;\u00e9quipe du CPIE Quercy-Garonne<\/p>\n<p><a href=\"https:\/\/www.o-p-i.fr\/parlonsen\/agenda\/\"><strong>Retrouvez tous les \u00e9v\u00e9nements dans l&rsquo;agenda !<\/strong><\/a><\/p>\n","protected":false},"excerpt":{"rendered":"<div class=\"mh-excerpt\">Jeudi 25 juillet 2018, faire, voir et \u00e9couter&#8230;<\/div>\n","protected":false},"author":4,"featured_media":0,"comment_status":"open","ping_status":"open","sticky":false,"template":"","format":"standard","meta":{"om_disable_all_campaigns":false,"advanced_seo_description":"","jetpack_seo_html_title":"","jetpack_seo_noindex":false,"_jetpack_memberships_contains_paid_content":false,"footnotes":"","_links_to":"","_links_to_target":""},"categories":[52,42,1,3218],"tags":[1568,2692,3285,3286,3287],"class_list":{"0":"post-36675","1":"post","2":"type-post","3":"status-publish","4":"format-standard","6":"category-parlons-en","7":"category-a-cote-de-chez-nous","8":"category-culture","9":"category-n148-juillet-2018","10":"tag-atelier-enfant","11":"tag-film-documentaire","12":"tag-gasques","13":"tag-chauve-souris","14":"tag-diaporama"},"jetpack_featured_media_url":"","views":{"total":1,"cached_at":"","cached_date":1738520773},"jetpack_likes_enabled":true,"jetpack_sharing_enabled":true,"jetpack_shortlink":"https:\/\/wp.me\/pg7Wxj-9xx","jetpack-related-posts":[],"_links":{"self":[{"href":"https:\/\/www.o-p-i.fr\/parlonsen\/wp-json\/wp\/v2\/posts\/36675","targetHints":{"allow":["GET"]}}],"collection":[{"href":"https:\/\/www.o-p-i.fr\/parlonsen\/wp-json\/wp\/v2\/posts"}],"about":[{"href":"https:\/\/www.o-p-i.fr\/parlonsen\/wp-json\/wp\/v2\/types\/post"}],"author":[{"embeddable":true,"href":"https:\/\/www.o-p-i.fr\/parlonsen\/wp-json\/wp\/v2\/users\/4"}],"replies":[{"embeddable":true,"href":"https:\/\/www.o-p-i.fr\/parlonsen\/wp-json\/wp\/v2\/comments?post=36675"}],"version-history":[{"count":0,"href":"https:\/\/www.o-p-i.fr\/parlonsen\/wp-json\/wp\/v2\/posts\/36675\/revisions"}],"wp:attachment":[{"href":"https:\/\/www.o-p-i.fr\/parlonsen\/wp-json\/wp\/v2\/media?parent=36675"}],"wp:term":[{"taxonomy":"category","embeddable":true,"href":"https:\/\/www.o-p-i.fr\/parlonsen\/wp-json\/wp\/v2\/categories?post=36675"},{"taxonomy":"post_tag","embeddable":true,"href":"https:\/\/www.o-p-i.fr\/parlonsen\/wp-json\/wp\/v2\/tags?post=36675"}],"curies":[{"name":"wp","href":"https:\/\/api.w.org\/{rel}","templated":true}]}}