{"id":36808,"date":"2018-07-26T12:23:21","date_gmt":"2018-07-26T11:23:21","guid":{"rendered":"\/parlonsen\/?p=36808"},"modified":"2018-07-26T12:27:30","modified_gmt":"2018-07-26T11:27:30","slug":"15eme-salon-du-livre-et-de-la-bd-de-monclar-de-quercy-82","status":"publish","type":"post","link":"https:\/\/www.o-p-i.fr\/parlonsen\/parlons-en\/culture\/15eme-salon-du-livre-et-de-la-bd-de-monclar-de-quercy-82\/","title":{"rendered":"15\u00e8me Salon du Livre et de la BD de Monclar de Quercy (82)"},"content":{"rendered":"<p><strong>Dimanche 26 ao\u00fbt 2018<\/strong>, \u00e0 la salle des lacs, de 9h. \u00e0 18h.<!--more--><\/p>\n<p><img data-recalc-dims=\"1\" loading=\"lazy\" decoding=\"async\" class=\"aligncenter\" src=\"https:\/\/i0.wp.com\/www.o-p-i.fr\/7alire\/wp-content\/uploads\/15%C3%A8me-salon-Monclar.jpg?resize=567%2C796&#038;ssl=1\" alt=\"\" width=\"567\" height=\"796\" \/><\/p>\n<p>Pour plus de d\u00e9tail, <strong><a href=\"https:\/\/www.o-p-i.fr\/7alire\/7-a-lire-actu\/15eme-salon-du-livre-et-de-la-bd-de-monclar-de-quercy-82\/\" target=\"_blank\" rel=\"noopener noreferrer\">cliquez ici<\/a><\/strong><\/p>\n<p><em>Information communiqu\u00e9e par Robert LINAS\u00a0<\/em><\/p>\n<p><a href=\"https:\/\/www.o-p-i.fr\/parlonsen\/agenda\/\"><strong>Retrouvez tous les \u00e9v\u00e9nements dans l&rsquo;agenda !<\/strong><\/a><\/p>\n","protected":false},"excerpt":{"rendered":"<div class=\"mh-excerpt\">Dimanche 26 ao\u00fbt 2018, \u00e0 la salle des lacs, de 9h. \u00e0 18h.<\/div>\n","protected":false},"author":4,"featured_media":0,"comment_status":"open","ping_status":"open","sticky":false,"template":"","format":"standard","meta":{"om_disable_all_campaigns":false,"advanced_seo_description":"","jetpack_seo_html_title":"","jetpack_seo_noindex":false,"_jetpack_memberships_contains_paid_content":false,"footnotes":"","_links_to":"","_links_to_target":""},"categories":[52,1,16,54,3259],"tags":[143,621,678],"class_list":{"0":"post-36808","1":"post","2":"type-post","3":"status-publish","4":"format-standard","6":"category-parlons-en","7":"category-culture","8":"category-monclar","9":"category-loisirs","10":"category-n149-aout-2018","11":"tag-monclar-de-quercy","12":"tag-bourse-toutes-collections","13":"tag-salon-du-livre"},"jetpack_featured_media_url":"","views":{"total":0,"cached_at":"","cached_date":1738512125},"jetpack_likes_enabled":true,"jetpack_sharing_enabled":true,"jetpack_shortlink":"https:\/\/wp.me\/pg7Wxj-9zG","jetpack-related-posts":[],"_links":{"self":[{"href":"https:\/\/www.o-p-i.fr\/parlonsen\/wp-json\/wp\/v2\/posts\/36808","targetHints":{"allow":["GET"]}}],"collection":[{"href":"https:\/\/www.o-p-i.fr\/parlonsen\/wp-json\/wp\/v2\/posts"}],"about":[{"href":"https:\/\/www.o-p-i.fr\/parlonsen\/wp-json\/wp\/v2\/types\/post"}],"author":[{"embeddable":true,"href":"https:\/\/www.o-p-i.fr\/parlonsen\/wp-json\/wp\/v2\/users\/4"}],"replies":[{"embeddable":true,"href":"https:\/\/www.o-p-i.fr\/parlonsen\/wp-json\/wp\/v2\/comments?post=36808"}],"version-history":[{"count":0,"href":"https:\/\/www.o-p-i.fr\/parlonsen\/wp-json\/wp\/v2\/posts\/36808\/revisions"}],"wp:attachment":[{"href":"https:\/\/www.o-p-i.fr\/parlonsen\/wp-json\/wp\/v2\/media?parent=36808"}],"wp:term":[{"taxonomy":"category","embeddable":true,"href":"https:\/\/www.o-p-i.fr\/parlonsen\/wp-json\/wp\/v2\/categories?post=36808"},{"taxonomy":"post_tag","embeddable":true,"href":"https:\/\/www.o-p-i.fr\/parlonsen\/wp-json\/wp\/v2\/tags?post=36808"}],"curies":[{"name":"wp","href":"https:\/\/api.w.org\/{rel}","templated":true}]}}