{"id":36822,"date":"2018-07-28T21:43:04","date_gmt":"2018-07-28T20:43:04","guid":{"rendered":"\/parlonsen\/?p=36822"},"modified":"2018-07-28T21:43:04","modified_gmt":"2018-07-28T20:43:04","slug":"concert-des-clopin-clopant-a-lisle-sur-tarn-81","status":"publish","type":"post","link":"https:\/\/www.o-p-i.fr\/parlonsen\/localisation\/a-cote-de-chez-nous\/concert-des-clopin-clopant-a-lisle-sur-tarn-81\/","title":{"rendered":"Concert des \u00ab\u00a0Clopin Clopant\u00a0\u00bb &#8230;\u00e0 Lisle sur Tarn (81)"},"content":{"rendered":"<p><strong>Dimanche 5 ao\u00fbt 2018<\/strong>, \u00e0 17h.30, auMus\u00e9e Raymond Lafage.<!--more--><img data-recalc-dims=\"1\" loading=\"lazy\" decoding=\"async\" class=\"alignright size-full wp-image-36824\" src=\"https:\/\/i0.wp.com\/www.o-p-i.fr\/parlonsen\/wp-content\/uploads\/clopin.jpg?resize=425%2C254&#038;ssl=1\" alt=\"\" width=\"425\" height=\"254\" srcset=\"https:\/\/i0.wp.com\/www.o-p-i.fr\/parlonsen\/wp-content\/uploads\/clopin.jpg?w=425&amp;ssl=1 425w, https:\/\/i0.wp.com\/www.o-p-i.fr\/parlonsen\/wp-content\/uploads\/clopin.jpg?resize=300%2C179&amp;ssl=1 300w, https:\/\/i0.wp.com\/www.o-p-i.fr\/parlonsen\/wp-content\/uploads\/clopin.jpg?resize=150%2C90&amp;ssl=1 150w, https:\/\/i0.wp.com\/www.o-p-i.fr\/parlonsen\/wp-content\/uploads\/clopin.jpg?resize=400%2C239&amp;ssl=1 400w\" sizes=\"auto, (max-width: 425px) 100vw, 425px\" \/>Dans le cadre de ses expositions temporaires :<\/p>\n<ul>\n<li>\u00ab\u00a0Merci Roland Topor&#8230; par Marie-Laure de Decker\u00a0\u00bb<\/li>\n<li>\u00a0\u00ab\u00a0Terre-rare &#8230;\u00a0\u00bb par Jean-Luc Fav\u00e9ro<\/li>\n<\/ul>\n<p>le mus\u00e9e Raymond Lafage et la ville de Lisle-sur-Tarn poursuivent leur cycle d&rsquo;animations culturelles et vous proposent d&rsquo;assister au concert des Clopin Clopant !<\/p>\n<p>Les \u00ab\u00a0Clopin-Clopant\u00a0\u00bb sont des infatigables du swing. Leur locomotive palpitante vous emm\u00e8nera au c\u0153ur des ann\u00e9es 30 o\u00f9 jazz et danse ne font qu&rsquo;un. Complices, ils s&rsquo;attachent\u00a0\u00e0 faire vivre au public le balancement et la joie de toute une \u00e9poque. Ces musiciens professionnels, acolytes depuis de nombreuses ann\u00e9es, vous feront remonter dans le temps en vous entra\u00eenant dans un swing passionn\u00e9 et convivial !<\/p>\n<p>A l&rsquo;issue de ce spectacle, le Ch\u00e2teau Ratier vous pr\u00e9sentera ses produits et vous proposera une d\u00e9gustation.<\/p>\n<p><strong>Pour y aller:<\/strong><br \/>\n10 rue Victor Mazi\u00e8s<br \/>\n81310-Lisle-sur-Tarn<\/p>\n<p><strong>Organisateur :\u00a0<\/strong><a href=\"http:\/\/museeraymondlafage.wifeo.com\/\" target=\"_blank\" rel=\"noopener noreferrer\">Mus\u00e9e Raymond Lafage<\/a><\/p>\n<p><strong>Contact :\u00a0<\/strong>Carrassus Anne-Marie<br \/>\n10 rue Victor Mazi\u00e8s<br \/>\n81310-Lisle-sur-Tarn<br \/>\nT\u00e9l. :0563404545<br \/>\nCourriel :<strong><a href=\"mailto:musee.lislesurtarn@wanadoo.fr\">musee.lislesurtarn@wanadoo.fr<\/a><\/strong><\/p>\n<p><em>Information communiqu\u00e9e par Aurore<\/em><\/p>\n<p><a href=\"https:\/\/www.o-p-i.fr\/parlonsen\/agenda\/\"><strong>Retrouvez tous les \u00e9v\u00e9nements dans l&rsquo;agenda !<\/strong><\/a><\/p>\n","protected":false},"excerpt":{"rendered":"<div class=\"mh-excerpt\">Dimanche 5 ao\u00fbt 2018, \u00e0 17h.30, auMus\u00e9e Raymond Lafage.<\/div>\n","protected":false},"author":4,"featured_media":0,"comment_status":"open","ping_status":"open","sticky":false,"template":"","format":"standard","meta":{"om_disable_all_campaigns":false,"advanced_seo_description":"","jetpack_seo_html_title":"","jetpack_seo_noindex":false,"_jetpack_memberships_contains_paid_content":false,"footnotes":"","_links_to":"","_links_to_target":""},"categories":[42,54,3259],"tags":[1826,1830,43,77,78],"class_list":{"0":"post-36822","1":"post","2":"type-post","3":"status-publish","4":"format-standard","6":"category-a-cote-de-chez-nous","7":"category-loisirs","8":"category-n149-aout-2018","9":"tag-swing","10":"tag-degustation-de-vins","11":"tag-concert","12":"tag-lisle-sur-tarn","13":"tag-musee-raymond-lafage"},"jetpack_featured_media_url":"","views":{"total":0,"cached_at":"","cached_date":1738512147},"jetpack_likes_enabled":true,"jetpack_sharing_enabled":true,"jetpack_shortlink":"https:\/\/wp.me\/pg7Wxj-9zU","jetpack-related-posts":[],"_links":{"self":[{"href":"https:\/\/www.o-p-i.fr\/parlonsen\/wp-json\/wp\/v2\/posts\/36822","targetHints":{"allow":["GET"]}}],"collection":[{"href":"https:\/\/www.o-p-i.fr\/parlonsen\/wp-json\/wp\/v2\/posts"}],"about":[{"href":"https:\/\/www.o-p-i.fr\/parlonsen\/wp-json\/wp\/v2\/types\/post"}],"author":[{"embeddable":true,"href":"https:\/\/www.o-p-i.fr\/parlonsen\/wp-json\/wp\/v2\/users\/4"}],"replies":[{"embeddable":true,"href":"https:\/\/www.o-p-i.fr\/parlonsen\/wp-json\/wp\/v2\/comments?post=36822"}],"version-history":[{"count":0,"href":"https:\/\/www.o-p-i.fr\/parlonsen\/wp-json\/wp\/v2\/posts\/36822\/revisions"}],"wp:attachment":[{"href":"https:\/\/www.o-p-i.fr\/parlonsen\/wp-json\/wp\/v2\/media?parent=36822"}],"wp:term":[{"taxonomy":"category","embeddable":true,"href":"https:\/\/www.o-p-i.fr\/parlonsen\/wp-json\/wp\/v2\/categories?post=36822"},{"taxonomy":"post_tag","embeddable":true,"href":"https:\/\/www.o-p-i.fr\/parlonsen\/wp-json\/wp\/v2\/tags?post=36822"}],"curies":[{"name":"wp","href":"https:\/\/api.w.org\/{rel}","templated":true}]}}