{"id":36906,"date":"2018-08-08T18:21:45","date_gmt":"2018-08-08T17:21:45","guid":{"rendered":"\/parlonsen\/?p=36906"},"modified":"2018-08-08T18:21:45","modified_gmt":"2018-08-08T17:21:45","slug":"lenvers-du-decor-expo-photos-a-montauban-82","status":"publish","type":"post","link":"https:\/\/www.o-p-i.fr\/parlonsen\/parlons-en\/culture\/lenvers-du-decor-expo-photos-a-montauban-82\/","title":{"rendered":"\u00ab\u00a0L&rsquo;envers du d\u00e9cor\u00a0\u00bb expo photos&#8230;\u00e0 Montauban (82)"},"content":{"rendered":"<p>Jusqu&rsquo;au <strong>vendredi 31 ao\u00fbt 2018<\/strong>, \u00e0 la maison du crieur, 1 Rue Gillaque \u00ab\u00a0proche de la place nationale\u00a0\u00bb \u00e0 Montauban.<!--more--><br \/>\nL&rsquo;envers du d\u00e9cor\u00a0\u00bb\u00a0\u00bb, des images in\u00e9dites sur les travaux du Mus\u00e9e Ingres.<br \/>\nLe d\u00e9crochage de l&rsquo;expo donnera lieu le Jeudi 30 ao\u00fbt 2018 \u00e0 17h \u00e0 une fin d&rsquo;apr\u00e8s midi r\u00e9cr\u00e9ative.<br \/>\nL&rsquo;exposition sera ouverte:\u00a0de 11h du matin \u00e0 18h tous les jours sauf le dimanche et le lundi.<br \/>\n<img data-recalc-dims=\"1\" loading=\"lazy\" decoding=\"async\" class=\"aligncenter size-full wp-image-36907\" src=\"https:\/\/i0.wp.com\/www.o-p-i.fr\/parlonsen\/wp-content\/uploads\/envers-d%C3%A9cor.jpg?resize=599%2C899&#038;ssl=1\" alt=\"\" width=\"599\" height=\"899\" srcset=\"https:\/\/i0.wp.com\/www.o-p-i.fr\/parlonsen\/wp-content\/uploads\/envers-d%C3%A9cor.jpg?w=599&amp;ssl=1 599w, https:\/\/i0.wp.com\/www.o-p-i.fr\/parlonsen\/wp-content\/uploads\/envers-d%C3%A9cor.jpg?resize=200%2C300&amp;ssl=1 200w, https:\/\/i0.wp.com\/www.o-p-i.fr\/parlonsen\/wp-content\/uploads\/envers-d%C3%A9cor.jpg?resize=100%2C150&amp;ssl=1 100w, https:\/\/i0.wp.com\/www.o-p-i.fr\/parlonsen\/wp-content\/uploads\/envers-d%C3%A9cor.jpg?resize=400%2C600&amp;ssl=1 400w\" sizes=\"auto, (max-width: 599px) 100vw, 599px\" \/><\/p>\n<p><em>Information communiqu\u00e9e par Anne EGRON\u00a0<\/em><\/p>\n<p><a href=\"https:\/\/www.o-p-i.fr\/parlonsen\/agenda\/\"><strong>Retrouvez tous les \u00e9v\u00e9nements dans l&rsquo;agenda !<\/strong><\/a><\/p>\n","protected":false},"excerpt":{"rendered":"<div class=\"mh-excerpt\">Jusqu&rsquo;au vendredi 31 ao\u00fbt 2018, \u00e0 la maison du crieur, 1 Rue Gillaque \u00ab\u00a0proche de la place nationale\u00a0\u00bb \u00e0 Montauban.<\/div>\n","protected":false},"author":4,"featured_media":0,"comment_status":"open","ping_status":"open","sticky":false,"template":"","format":"standard","meta":{"om_disable_all_campaigns":false,"advanced_seo_description":"","jetpack_seo_html_title":"","jetpack_seo_noindex":false,"_jetpack_memberships_contains_paid_content":false,"footnotes":"","_links_to":"","_links_to_target":""},"categories":[42,1,54,3259],"tags":[99,184,3320],"class_list":{"0":"post-36906","1":"post","2":"type-post","3":"status-publish","4":"format-standard","6":"category-a-cote-de-chez-nous","7":"category-culture","8":"category-loisirs","9":"category-n149-aout-2018","10":"tag-montauban","11":"tag-exposition-photos","12":"tag-musee-ingres"},"jetpack_featured_media_url":"","views":{"total":0,"cached_at":"","cached_date":1738515925},"jetpack_likes_enabled":true,"jetpack_sharing_enabled":true,"jetpack_shortlink":"https:\/\/wp.me\/pg7Wxj-9Bg","jetpack-related-posts":[],"_links":{"self":[{"href":"https:\/\/www.o-p-i.fr\/parlonsen\/wp-json\/wp\/v2\/posts\/36906","targetHints":{"allow":["GET"]}}],"collection":[{"href":"https:\/\/www.o-p-i.fr\/parlonsen\/wp-json\/wp\/v2\/posts"}],"about":[{"href":"https:\/\/www.o-p-i.fr\/parlonsen\/wp-json\/wp\/v2\/types\/post"}],"author":[{"embeddable":true,"href":"https:\/\/www.o-p-i.fr\/parlonsen\/wp-json\/wp\/v2\/users\/4"}],"replies":[{"embeddable":true,"href":"https:\/\/www.o-p-i.fr\/parlonsen\/wp-json\/wp\/v2\/comments?post=36906"}],"version-history":[{"count":0,"href":"https:\/\/www.o-p-i.fr\/parlonsen\/wp-json\/wp\/v2\/posts\/36906\/revisions"}],"wp:attachment":[{"href":"https:\/\/www.o-p-i.fr\/parlonsen\/wp-json\/wp\/v2\/media?parent=36906"}],"wp:term":[{"taxonomy":"category","embeddable":true,"href":"https:\/\/www.o-p-i.fr\/parlonsen\/wp-json\/wp\/v2\/categories?post=36906"},{"taxonomy":"post_tag","embeddable":true,"href":"https:\/\/www.o-p-i.fr\/parlonsen\/wp-json\/wp\/v2\/tags?post=36906"}],"curies":[{"name":"wp","href":"https:\/\/api.w.org\/{rel}","templated":true}]}}