{"id":36933,"date":"2018-08-12T08:00:32","date_gmt":"2018-08-12T07:00:32","guid":{"rendered":"\/parlonsen\/?p=36933"},"modified":"2018-08-12T08:04:10","modified_gmt":"2018-08-12T07:04:10","slug":"on-fait-la-fete-a-verlhac-tescou-82","status":"publish","type":"post","link":"https:\/\/www.o-p-i.fr\/parlonsen\/localisation\/au-pays-des-tescous\/verlhac-tescou\/on-fait-la-fete-a-verlhac-tescou-82\/","title":{"rendered":"On fait la f\u00eate&#8230;\u00e0 Verlhac-Tescou (82)"},"content":{"rendered":"<p><strong>Samedi 25 et dimanche 26 ao\u00fbt 2018.<\/strong> <!--more--><\/p>\n<h4><img data-recalc-dims=\"1\" loading=\"lazy\" decoding=\"async\" class=\"alignright wp-image-36934\" src=\"https:\/\/i0.wp.com\/www.o-p-i.fr\/parlonsen\/wp-content\/uploads\/poney-1.jpg?resize=350%2C189&#038;ssl=1\" alt=\"\" width=\"350\" height=\"189\" srcset=\"https:\/\/i0.wp.com\/www.o-p-i.fr\/parlonsen\/wp-content\/uploads\/poney-1.jpg?w=283&amp;ssl=1 283w, https:\/\/i0.wp.com\/www.o-p-i.fr\/parlonsen\/wp-content\/uploads\/poney-1.jpg?resize=150%2C81&amp;ssl=1 150w\" sizes=\"auto, (max-width: 350px) 100vw, 350px\" \/>\u00a0Au programme:<\/h4>\n<ul>\n<li>La f\u00eate d\u00e9butera le <strong>samedi 25 ao\u00fbt 2018<\/strong>\n<ul>\n<li>\u00e0 partir de 14h, d\u00e9fil\u00e9 et exposition de camions.<\/li>\n<li>A 20h30, le traditionnel repas moules\/frites. Vous pouvez r\u00e9server en appelant le 05.63.30.34.44.<\/li>\n<li>A partir de 22h30, bal gratuit anim\u00e9 par B\u00e9ta Om\u00e9ga.<\/li>\n<li>Un ch\u00e2teau gonflable permettra aux enfants de s&rsquo;amuser.<\/li>\n<\/ul>\n<\/li>\n<li>Le <strong>dimanche 26\u00a0<\/strong>\n<ul>\n<li>\u00e0 11h aura lieu la Messe.<\/li>\n<li>A 11h \u00e9galement, les plus sportifs pourront participer au match amical de foot.<\/li>\n<li>A midi, le Foyer Rural offrira l&rsquo;ap\u00e9ritif.<\/li>\n<li>A partir de 14h30 commencera le concours amical de p\u00e9tanque en doublette.<\/li>\n<li>Des balades en main ou en cal\u00e8che seront propos\u00e9es de 14h \u00e0 19h par<a href=\"http:\/\/isabellemathieu82.wixsite.com\/poneyclubdebonrepos\" target=\"_blank\" rel=\"noopener noreferrer\"><strong> le Poney Club de Bonrepos.<\/strong><\/a><\/li>\n<li>Un camion \u00e0 pizza permettra ensuite de se restaurer.<\/li>\n<li>Le bal anim\u00e9 par B\u00e9ta Om\u00e9ga commencera \u00e0 22h.<\/li>\n<li>Enfin, le feu d&rsquo;artifice tir\u00e9 \u00e0 22h30 cloturera la f\u00eate.<\/li>\n<\/ul>\n<\/li>\n<\/ul>\n<p><em>Information communiqu\u00e9e par\u00a0Magali PEZOUS<\/em><\/p>\n<p><a href=\"https:\/\/www.o-p-i.fr\/parlonsen\/agenda\/\"><strong>Retrouvez tous les \u00e9v\u00e9nements dans l&rsquo;agenda !<\/strong><\/a><\/p>\n<p>&nbsp;<\/p>\n","protected":false},"excerpt":{"rendered":"<div class=\"mh-excerpt\">Samedi 25 et dimanche 26 ao\u00fbt 2018.<\/div>\n","protected":false},"author":4,"featured_media":0,"comment_status":"open","ping_status":"open","sticky":false,"template":"","format":"standard","meta":{"om_disable_all_campaigns":false,"advanced_seo_description":"","jetpack_seo_html_title":"","jetpack_seo_noindex":false,"_jetpack_memberships_contains_paid_content":false,"footnotes":"","_links_to":"","_links_to_target":""},"categories":[54,27,3259],"tags":[2550,156,157,617,779,2962,3246,3323,56],"class_list":{"0":"post-36933","1":"post","2":"type-post","3":"status-publish","4":"format-standard","6":"category-loisirs","7":"category-verlhac-tescou","8":"category-n149-aout-2018","9":"tag-verlhac-tescou","10":"tag-bal","11":"tag-repas","12":"tag-feu-dartifice","13":"tag-messe","14":"tag-poney-club","15":"tag-aperitif","16":"tag-foyer-rural","17":"tag-fete"},"jetpack_featured_media_url":"","views":{"total":0,"cached_at":"","cached_date":1738512048},"jetpack_likes_enabled":true,"jetpack_sharing_enabled":true,"jetpack_shortlink":"https:\/\/wp.me\/pg7Wxj-9BH","jetpack-related-posts":[],"_links":{"self":[{"href":"https:\/\/www.o-p-i.fr\/parlonsen\/wp-json\/wp\/v2\/posts\/36933","targetHints":{"allow":["GET"]}}],"collection":[{"href":"https:\/\/www.o-p-i.fr\/parlonsen\/wp-json\/wp\/v2\/posts"}],"about":[{"href":"https:\/\/www.o-p-i.fr\/parlonsen\/wp-json\/wp\/v2\/types\/post"}],"author":[{"embeddable":true,"href":"https:\/\/www.o-p-i.fr\/parlonsen\/wp-json\/wp\/v2\/users\/4"}],"replies":[{"embeddable":true,"href":"https:\/\/www.o-p-i.fr\/parlonsen\/wp-json\/wp\/v2\/comments?post=36933"}],"version-history":[{"count":0,"href":"https:\/\/www.o-p-i.fr\/parlonsen\/wp-json\/wp\/v2\/posts\/36933\/revisions"}],"wp:attachment":[{"href":"https:\/\/www.o-p-i.fr\/parlonsen\/wp-json\/wp\/v2\/media?parent=36933"}],"wp:term":[{"taxonomy":"category","embeddable":true,"href":"https:\/\/www.o-p-i.fr\/parlonsen\/wp-json\/wp\/v2\/categories?post=36933"},{"taxonomy":"post_tag","embeddable":true,"href":"https:\/\/www.o-p-i.fr\/parlonsen\/wp-json\/wp\/v2\/tags?post=36933"}],"curies":[{"name":"wp","href":"https:\/\/api.w.org\/{rel}","templated":true}]}}