{"id":36942,"date":"2018-08-13T12:33:01","date_gmt":"2018-08-13T11:33:01","guid":{"rendered":"\/parlonsen\/?p=36942"},"modified":"2025-11-10T20:57:31","modified_gmt":"2025-11-10T19:57:31","slug":"la-fete-en-aout-a-beauvais-sur-tescou-81","status":"publish","type":"post","link":"https:\/\/www.o-p-i.fr\/parlonsen\/localisation\/au-pays-des-tescous\/beauvais-sur-tescou\/la-fete-en-aout-a-beauvais-sur-tescou-81\/","title":{"rendered":"La f\u00eate en ao\u00fbt&#8230;\u00e0 Beauvais sur Tescou (81)"},"content":{"rendered":"<p>Du <strong>vendredi 24 au dimanche 26 ao\u00fbt 2018<\/strong>, il y en a pour tous les go\u00fbts!!!<!--more--><\/p>\n<h4><img data-recalc-dims=\"1\" loading=\"lazy\" decoding=\"async\" class=\"alignright size-full wp-image-36958\" src=\"https:\/\/i0.wp.com\/www.o-p-i.fr\/parlonsen\/wp-content\/uploads\/beauvais-2.jpg?resize=283%2C364&#038;ssl=1\" alt=\"\" width=\"283\" height=\"364\" srcset=\"https:\/\/i0.wp.com\/www.o-p-i.fr\/parlonsen\/wp-content\/uploads\/beauvais-2.jpg?w=283&amp;ssl=1 283w, https:\/\/i0.wp.com\/www.o-p-i.fr\/parlonsen\/wp-content\/uploads\/beauvais-2.jpg?resize=233%2C300&amp;ssl=1 233w, https:\/\/i0.wp.com\/www.o-p-i.fr\/parlonsen\/wp-content\/uploads\/beauvais-2.jpg?resize=117%2C150&amp;ssl=1 117w\" sizes=\"auto, (max-width: 283px) 100vw, 283px\" \/>Au programme:<\/h4>\n<ul>\n<li><strong>Vendredi 24 ao\u00fbt 2018:<\/strong>\n<ul>\n<li>20 h. ballade th\u00e9\u00e2trale au clair de lune<\/li>\n<li>P\u00e9tanque en doublette<\/li>\n<li>22h. Sc\u00e8ne ouverte<\/li>\n<li>Restauration sur place<\/li>\n<\/ul>\n<\/li>\n<li><strong>Samedi 25 ao\u00fbt 2018:<\/strong>\n<ul>\n<li>11.30 Ap\u00e9ro offert<\/li>\n<li>14h.30 Concours de p\u00e9tanque en doublette<\/li>\n<li>20 h. Repas M\u00e9choui R\u00e9servation avant le 22 ao\u00fbt Corinne 06 79 26 44 72 ou M\u00e9lanie 06 75 37 72 06<\/li>\n<li>Soir\u00e9e musicale avec Starmusic<\/li>\n<\/ul>\n<\/li>\n<li><strong>Dimanche 26 ao\u00fbt 2018:<\/strong>\n<ul>\n<li>Raid des c\u00f4teaux\n<ul>\n<li>8h. 2 circuits VTT : 30Km et 42 Km. participation 8\u20acuros<\/li>\n<li>8h.30 1 cicuit p\u00e9destre : 11,5 Km. participation 5\u20acuros<\/li>\n<\/ul>\n<\/li>\n<li>14h.30 Concours de p\u00e9tanque en triplette<\/li>\n<li>15h. Jeux de soci\u00e9t\u00e9, Maquillage<\/li>\n<li>17h. Th\u00e9 dansant<\/li>\n<li>19h.30 Grillades et burger maison<\/li>\n<li>Musique avec Corvette<\/li>\n<li>22h. Feu d&rsquo;artifice<\/li>\n<\/ul>\n<\/li>\n<\/ul>\n<p>Information du Comit\u00e9 des F\u00eates<\/p>\n<p><a href=\"https:\/\/www.o-p-i.fr\/parlonsen\/agenda\/\"><strong>Retrouvez tous les \u00e9v\u00e9nements dans l&rsquo;agenda !<\/strong><\/a><\/p>\n","protected":false},"excerpt":{"rendered":"<div class=\"mh-excerpt\">Du vendredi 24 au dimanche 26 ao\u00fbt 2018, il y en a pour tous les go\u00fbts!!!<\/div>\n","protected":false},"author":4,"featured_media":0,"comment_status":"open","ping_status":"open","sticky":false,"template":"","format":"standard","meta":{"om_disable_all_campaigns":false,"advanced_seo_description":"","jetpack_seo_html_title":"","jetpack_seo_noindex":false,"_jetpack_memberships_contains_paid_content":false,"footnotes":"","_links_to":"","_links_to_target":""},"categories":[28,52,54,3259],"tags":[762,1483,1736,1809,3324,56,80,567,617],"class_list":{"0":"post-36942","1":"post","2":"type-post","3":"status-publish","4":"format-standard","6":"category-beauvais-sur-tescou","7":"category-parlons-en","8":"category-loisirs","9":"category-n149-aout-2018","10":"tag-randonnee-pedestre","11":"tag-scene-ouverte","12":"tag-concours-de-petanque","13":"tag-randonnee-vtt","14":"tag-repas-mechoui","15":"tag-fete","16":"tag-the-dansant","17":"tag-apero","18":"tag-feu-dartifice"},"jetpack_featured_media_url":"","views":{"total":0,"cached_at":"","cached_date":1738512022},"jetpack_likes_enabled":true,"jetpack_sharing_enabled":true,"jetpack_shortlink":"https:\/\/wp.me\/pg7Wxj-9BQ","jetpack-related-posts":[],"_links":{"self":[{"href":"https:\/\/www.o-p-i.fr\/parlonsen\/wp-json\/wp\/v2\/posts\/36942","targetHints":{"allow":["GET"]}}],"collection":[{"href":"https:\/\/www.o-p-i.fr\/parlonsen\/wp-json\/wp\/v2\/posts"}],"about":[{"href":"https:\/\/www.o-p-i.fr\/parlonsen\/wp-json\/wp\/v2\/types\/post"}],"author":[{"embeddable":true,"href":"https:\/\/www.o-p-i.fr\/parlonsen\/wp-json\/wp\/v2\/users\/4"}],"replies":[{"embeddable":true,"href":"https:\/\/www.o-p-i.fr\/parlonsen\/wp-json\/wp\/v2\/comments?post=36942"}],"version-history":[{"count":1,"href":"https:\/\/www.o-p-i.fr\/parlonsen\/wp-json\/wp\/v2\/posts\/36942\/revisions"}],"predecessor-version":[{"id":67416,"href":"https:\/\/www.o-p-i.fr\/parlonsen\/wp-json\/wp\/v2\/posts\/36942\/revisions\/67416"}],"wp:attachment":[{"href":"https:\/\/www.o-p-i.fr\/parlonsen\/wp-json\/wp\/v2\/media?parent=36942"}],"wp:term":[{"taxonomy":"category","embeddable":true,"href":"https:\/\/www.o-p-i.fr\/parlonsen\/wp-json\/wp\/v2\/categories?post=36942"},{"taxonomy":"post_tag","embeddable":true,"href":"https:\/\/www.o-p-i.fr\/parlonsen\/wp-json\/wp\/v2\/tags?post=36942"}],"curies":[{"name":"wp","href":"https:\/\/api.w.org\/{rel}","templated":true}]}}