{"id":37013,"date":"2018-08-19T07:55:39","date_gmt":"2018-08-19T06:55:39","guid":{"rendered":"\/parlonsen\/?p=37013"},"modified":"2018-08-19T08:06:18","modified_gmt":"2018-08-19T07:06:18","slug":"pique-nique-lectures-a-salvagnac-81","status":"publish","type":"post","link":"https:\/\/www.o-p-i.fr\/parlonsen\/localisation\/au-pays-des-tescous\/salvagnac\/pique-nique-lectures-a-salvagnac-81\/","title":{"rendered":"Pique-Nique \u00ab\u00a0lectures\u00a0\u00bb&#8230;\u00e0 Salvagnac (81)"},"content":{"rendered":"<p><strong>Dimanche 26 ao\u00fbt 2018<\/strong>, \u00e0 partir de midi, au lac des Sourigous<br \/>\n<!--more--><\/p>\n<p><img data-recalc-dims=\"1\" loading=\"lazy\" decoding=\"async\" class=\"aligncenter size-full wp-image-37014\" src=\"https:\/\/i0.wp.com\/www.o-p-i.fr\/parlonsen\/wp-content\/uploads\/Lectures.jpg?resize=567%2C787&#038;ssl=1\" alt=\"\" width=\"567\" height=\"787\" srcset=\"https:\/\/i0.wp.com\/www.o-p-i.fr\/parlonsen\/wp-content\/uploads\/Lectures.jpg?w=567&amp;ssl=1 567w, https:\/\/i0.wp.com\/www.o-p-i.fr\/parlonsen\/wp-content\/uploads\/Lectures.jpg?resize=216%2C300&amp;ssl=1 216w, https:\/\/i0.wp.com\/www.o-p-i.fr\/parlonsen\/wp-content\/uploads\/Lectures.jpg?resize=108%2C150&amp;ssl=1 108w, https:\/\/i0.wp.com\/www.o-p-i.fr\/parlonsen\/wp-content\/uploads\/Lectures.jpg?resize=400%2C555&amp;ssl=1 400w\" sizes=\"auto, (max-width: 567px) 100vw, 567px\" \/><br \/>\nPour ce dernier dimanche du mois d&rsquo;ao\u00fbt, l&rsquo;\u00e9quipe des b\u00e9n\u00e9voles de la biblioth\u00e8que vous invite \u00e0 se\u00a0retrouver au lac des Sourigous (ancienne guinguette) dimanche 26 Ao\u00fbt \u00e0 partir de midi pour :<\/p>\n<ul>\n<li>un Pique Nique \u00ab\u00a0Lectures\u00a0\u00bb<\/li>\n<li>autres interm\u00e8des (petit quizz,charades&#8230;),<\/li>\n<li>pour petits et grands.<\/li>\n<li>Apportez votre pique nique, vos couverts et sur la base d&rsquo;une auberge espagnole nous partagerons un moment de convivialit\u00e9 et de bonne humeur.<\/li>\n<li>Nous vous offrirons de quoi vous rafra\u00eechir et n&rsquo;oubliez pas aussi votre livre pr\u00e9f\u00e9r\u00e9!<\/li>\n<\/ul>\n<p>Biblioth\u00e8que de Salvagnac , courriel: <a href=\"mailto:biblio.salvagnac@gmail.com\">biblio.salvagnac@gmail.com<\/a><\/p>\n<p><em>Information communiqu\u00e9e par les b\u00e9n\u00e9voles de la biblioth\u00e8que<\/em><\/p>\n<p><a href=\"https:\/\/www.o-p-i.fr\/parlonsen\/agenda\/\"><strong>Retrouvez tous les \u00e9v\u00e9nements dans l&rsquo;agenda !<\/strong><\/a><\/p>\n","protected":false},"excerpt":{"rendered":"<div class=\"mh-excerpt\">Dimanche 26 ao\u00fbt 2018, \u00e0 partir de midi, au lac des Sourigous<\/div>\n","protected":false},"author":4,"featured_media":0,"comment_status":"open","ping_status":"open","sticky":false,"template":"","format":"standard","meta":{"om_disable_all_campaigns":false,"advanced_seo_description":"","jetpack_seo_html_title":"","jetpack_seo_noindex":false,"_jetpack_memberships_contains_paid_content":false,"footnotes":"","_links_to":"","_links_to_target":""},"categories":[54,25,3259],"tags":[65,2548,795,3334],"class_list":{"0":"post-37013","1":"post","2":"type-post","3":"status-publish","4":"format-standard","6":"category-loisirs","7":"category-salvagnac","8":"category-n149-aout-2018","9":"tag-bibliotheque","10":"tag-salvagnac","11":"tag-pays-salvagnacois","12":"tag-culture-et-tourisme-en-pays-salvagnacois"},"jetpack_featured_media_url":"","views":{"total":0,"cached_at":"","cached_date":1738512169},"jetpack_likes_enabled":true,"jetpack_sharing_enabled":true,"jetpack_shortlink":"https:\/\/wp.me\/pg7Wxj-9CZ","jetpack-related-posts":[],"_links":{"self":[{"href":"https:\/\/www.o-p-i.fr\/parlonsen\/wp-json\/wp\/v2\/posts\/37013","targetHints":{"allow":["GET"]}}],"collection":[{"href":"https:\/\/www.o-p-i.fr\/parlonsen\/wp-json\/wp\/v2\/posts"}],"about":[{"href":"https:\/\/www.o-p-i.fr\/parlonsen\/wp-json\/wp\/v2\/types\/post"}],"author":[{"embeddable":true,"href":"https:\/\/www.o-p-i.fr\/parlonsen\/wp-json\/wp\/v2\/users\/4"}],"replies":[{"embeddable":true,"href":"https:\/\/www.o-p-i.fr\/parlonsen\/wp-json\/wp\/v2\/comments?post=37013"}],"version-history":[{"count":0,"href":"https:\/\/www.o-p-i.fr\/parlonsen\/wp-json\/wp\/v2\/posts\/37013\/revisions"}],"wp:attachment":[{"href":"https:\/\/www.o-p-i.fr\/parlonsen\/wp-json\/wp\/v2\/media?parent=37013"}],"wp:term":[{"taxonomy":"category","embeddable":true,"href":"https:\/\/www.o-p-i.fr\/parlonsen\/wp-json\/wp\/v2\/categories?post=37013"},{"taxonomy":"post_tag","embeddable":true,"href":"https:\/\/www.o-p-i.fr\/parlonsen\/wp-json\/wp\/v2\/tags?post=37013"}],"curies":[{"name":"wp","href":"https:\/\/api.w.org\/{rel}","templated":true}]}}