{"id":37056,"date":"2018-08-21T10:47:10","date_gmt":"2018-08-21T09:47:10","guid":{"rendered":"\/parlonsen\/?p=37056"},"modified":"2018-08-21T10:47:10","modified_gmt":"2018-08-21T09:47:10","slug":"journee-portes-ouvertes-cantabile-a-monclar-de-quercy-82","status":"publish","type":"post","link":"https:\/\/www.o-p-i.fr\/parlonsen\/localisation\/au-pays-des-tescous\/monclar\/journee-portes-ouvertes-cantabile-a-monclar-de-quercy-82\/","title":{"rendered":"Journ\u00e9e \u00ab\u00a0portes ouvertes\u00a0\u00bb Cantabile &#8230;\u00e0 Monclar de Quercy (82)"},"content":{"rendered":"<p>Le <strong>samedi 8 septembre 2018<\/strong>, de 10h \u00e0 12h au cin\u00e9ma et salles de la mairie.<!--more-->\u00a0Les professeurs et le Conseil d&rsquo;Administration de l&rsquo;\u00e9cole de musique Cantabile vous accueillent lors de la journ\u00e9e Portes ouvertes.<a href=\"https:\/\/www.o-p-i.fr\/aupays\/annuaire\/loisirs\/association-musicale-cantabile\/\" target=\"_blank\" rel=\"noopener noreferrer\"><img loading=\"lazy\" decoding=\"async\" class=\"alignright\" src=\"https:\/\/www.o-p-i.fr\/aupays\/wp-content\/themes\/arras-theme\/library\/timthumb.php?src=https:\/\/www.o-p-i.fr\/aupays\/wp-content\/uploads\/logo_cantabile1.jpg&amp;w=630&amp;h=250&amp;zc=1\" alt=\"Association musicale Cantabile\" width=\"557\" height=\"221\" \/><\/a><\/p>\n<p>Plusieurs espaces seront install\u00e9s au cin\u00e9ma et dans les salles de la mairie de Monclar-de-Quercy afin de vous permettre rencontrer les professeurs et b\u00e9n\u00e9ficier d&rsquo;un cours d&rsquo;essai gratuit de 15 minutes sur place.<\/p>\n<p>Cantabile propose des cours de batterie, chant, \u00e9veil musical, guitares, harmonica, harpe celtique, piano, saxophone, violon et ukulele.<\/p>\n<p>R\u00e9servez votre cours d&rsquo;essai d\u00e8s maintenant en ligne <a href=\"https:\/\/associationcantabile.simplybook.it\/v2\/#book\" target=\"_blank\" rel=\"noopener noreferrer\">en cliquant ici\u00a0<\/a><br \/>\nApr\u00e8s avoir essay\u00e9 un ou plusieurs instruments, et avoir choisi un cr\u00e9neau horaire, vous serez accueillis par les membres du C.A. afin de formaliser votre inscription.<\/p>\n<p>Consultez les tarifs 2018\/2019 en <a href=\"http:\/\/docs.wixstatic.com\/ugd\/c882e8_c676eae7090b41888069183e68c99f3a.pdf\" target=\"_blank\" rel=\"noopener noreferrer\">cliquant ici<\/a><\/p>\n<p>Le d\u00e9but des cours : <strong>17 septembre 2018.<\/strong><\/p>\n<p><strong> Pour y aller:<\/strong><br \/>\nMairie de Monclar de Quercy<br \/>\n82230-Monclar de Quercy<\/p>\n<p><strong> Organisateur : <\/strong><a href=\"https:\/\/www.o-p-i.fr\/aupays\/annuaire\/loisirs\/association-musicale-cantabile\/\" target=\"_blank\" rel=\"noopener noreferrer\">Ecole de musique Cantabile<br \/>\n<\/a><strong>Contact : <\/strong>Joussain Nina<br \/>\nT\u00e9l. :0671533960<br \/>\nCourriel :<a href=\"mailto:contact@cantabile82.fr\">contact@cantabile82.fr<br \/>\n<\/a><br \/>\n<em>Information communiqu\u00e9e par Nina JOUSSAIN<\/em><\/p>\n<p><a href=\"https:\/\/www.o-p-i.fr\/parlonsen\/agenda\/\"><strong>Retrouvez tous les \u00e9v\u00e9nements dans l&rsquo;agenda !<\/strong><\/a><\/p>\n","protected":false},"excerpt":{"rendered":"<div class=\"mh-excerpt\">Le samedi 8 septembre 2018, de 10h \u00e0 12h au cin\u00e9ma et salles de la mairie.<\/div>\n","protected":false},"author":4,"featured_media":0,"comment_status":"open","ping_status":"open","sticky":false,"template":"","format":"standard","meta":{"om_disable_all_campaigns":false,"advanced_seo_description":"","jetpack_seo_html_title":"","jetpack_seo_noindex":false,"_jetpack_memberships_contains_paid_content":false,"footnotes":"","_links_to":"","_links_to_target":""},"categories":[52,725,16,54,3301],"tags":[143,484,674,1370],"class_list":{"0":"post-37056","1":"post","2":"type-post","3":"status-publish","4":"format-standard","6":"category-parlons-en","7":"category-formation-parlons-en","8":"category-monclar","9":"category-loisirs","10":"category-n150-septembre-2018","11":"tag-monclar-de-quercy","12":"tag-portes-ouvertes","13":"tag-ecole-de-musique","14":"tag-cantabile"},"jetpack_featured_media_url":"","views":{"total":0,"cached_at":"","cached_date":1738512419},"jetpack_likes_enabled":true,"jetpack_sharing_enabled":true,"jetpack_shortlink":"https:\/\/wp.me\/pg7Wxj-9DG","jetpack-related-posts":[],"_links":{"self":[{"href":"https:\/\/www.o-p-i.fr\/parlonsen\/wp-json\/wp\/v2\/posts\/37056","targetHints":{"allow":["GET"]}}],"collection":[{"href":"https:\/\/www.o-p-i.fr\/parlonsen\/wp-json\/wp\/v2\/posts"}],"about":[{"href":"https:\/\/www.o-p-i.fr\/parlonsen\/wp-json\/wp\/v2\/types\/post"}],"author":[{"embeddable":true,"href":"https:\/\/www.o-p-i.fr\/parlonsen\/wp-json\/wp\/v2\/users\/4"}],"replies":[{"embeddable":true,"href":"https:\/\/www.o-p-i.fr\/parlonsen\/wp-json\/wp\/v2\/comments?post=37056"}],"version-history":[{"count":0,"href":"https:\/\/www.o-p-i.fr\/parlonsen\/wp-json\/wp\/v2\/posts\/37056\/revisions"}],"wp:attachment":[{"href":"https:\/\/www.o-p-i.fr\/parlonsen\/wp-json\/wp\/v2\/media?parent=37056"}],"wp:term":[{"taxonomy":"category","embeddable":true,"href":"https:\/\/www.o-p-i.fr\/parlonsen\/wp-json\/wp\/v2\/categories?post=37056"},{"taxonomy":"post_tag","embeddable":true,"href":"https:\/\/www.o-p-i.fr\/parlonsen\/wp-json\/wp\/v2\/tags?post=37056"}],"curies":[{"name":"wp","href":"https:\/\/api.w.org\/{rel}","templated":true}]}}