{"id":3708,"date":"2010-05-08T15:51:46","date_gmt":"2010-05-08T13:51:46","guid":{"rendered":"\/parlonsen\/?p=3708"},"modified":"2010-05-08T15:51:46","modified_gmt":"2010-05-08T13:51:46","slug":"les-changes-plantes-a-tauriac","status":"publish","type":"post","link":"https:\/\/www.o-p-i.fr\/parlonsen\/parlons-en\/agriculture\/les-changes-plantes-a-tauriac\/","title":{"rendered":"Les Changes-Plantes &#8230; \u00e0 Tauriac"},"content":{"rendered":"<p>Cette ann\u00e9e les <strong><span style=\"color: #993366;\">Change-Plantes<\/span><\/strong> se retrouveront le <span style=\"color: #993366;\"><strong>Jeudi 13 Mai <\/strong><\/span>au <a title=\"En savoir +\" href=\"https:\/\/www.o-p-i.fr\/parlonsen\/parlons-en\/commerce\/vide-grenier-foire-a-tout-les-greniers-de-tauriac\/\">Vide Grenier de Tauriac<\/a> de 9 h \u00e0 17 h.<!--more--><\/p>\n<figure id=\"attachment_3709\" aria-describedby=\"caption-attachment-3709\" style=\"width: 400px\" class=\"wp-caption alignleft\"><img data-recalc-dims=\"1\" loading=\"lazy\" decoding=\"async\" class=\"size-full wp-image-3709\" title=\"Changes Plantes - Tauriac (81)\" src=\"https:\/\/i0.wp.com\/www.o-p-i.fr\/parlonsen\/wp-content\/uploads\/change_plante.jpg?resize=400%2C533&#038;ssl=1\" alt=\"Changes Plantes - Tauriac (81)\" width=\"400\" height=\"533\" srcset=\"https:\/\/i0.wp.com\/www.o-p-i.fr\/parlonsen\/wp-content\/uploads\/change_plante.jpg?w=400&amp;ssl=1 400w, https:\/\/i0.wp.com\/www.o-p-i.fr\/parlonsen\/wp-content\/uploads\/change_plante.jpg?resize=225%2C300&amp;ssl=1 225w\" sizes=\"auto, (max-width: 400px) 100vw, 400px\" \/><figcaption id=\"caption-attachment-3709\" class=\"wp-caption-text\">Changes Plantes - Tauriac (81)<\/figcaption><\/figure>\n<p style=\"text-align: justify;\">Le principe : pas d&rsquo;argent, que des \u00e9changes !<\/p>\n<p style=\"text-align: justify;\">Comme \u00e0 l&rsquo;accoutum\u00e9e, nous vous esp\u00e9rons nombreuses et nombreux avec toujours plus de nouveaut\u00e9s.<\/p>\n<p><em>Communiqu\u00e9 des Changes Plantes<\/em><\/p>\n<p><a href=\"https:\/\/www.o-p-i.fr\/parlonsen\/agenda\/\"><strong>Retrouvez tous les \u00e9v\u00e8nements dans l&rsquo;agenda !<\/strong><\/a><\/p>\n","protected":false},"excerpt":{"rendered":"<div class=\"mh-excerpt\">Cette ann\u00e9e les Change-Plantes se retrouveront le Jeudi 13 Mai au Vide Grenier de Tauriac de 9 h \u00e0 17 h.<\/div>\n","protected":false},"author":3,"featured_media":0,"comment_status":"open","ping_status":"open","sticky":false,"template":"","format":"standard","meta":{"om_disable_all_campaigns":false,"advanced_seo_description":"","jetpack_seo_html_title":"","jetpack_seo_noindex":false,"_jetpack_memberships_contains_paid_content":false,"footnotes":"","_links_to":"","_links_to_target":""},"categories":[3,4,291,21,503],"tags":[116,2546],"class_list":{"0":"post-3708","1":"post","2":"type-post","3":"status-publish","4":"format-standard","6":"category-agriculture","7":"category-commerce","8":"category-solidarite","9":"category-tauriac","10":"category-n-49-mai-2010","11":"tag-change-plante","12":"tag-tauriac"},"jetpack_featured_media_url":"","views":{"total":0,"cached_at":"","cached_date":1738508922},"jetpack_likes_enabled":true,"jetpack_sharing_enabled":true,"jetpack_shortlink":"https:\/\/wp.me\/pg7Wxj-XO","jetpack-related-posts":[],"_links":{"self":[{"href":"https:\/\/www.o-p-i.fr\/parlonsen\/wp-json\/wp\/v2\/posts\/3708","targetHints":{"allow":["GET"]}}],"collection":[{"href":"https:\/\/www.o-p-i.fr\/parlonsen\/wp-json\/wp\/v2\/posts"}],"about":[{"href":"https:\/\/www.o-p-i.fr\/parlonsen\/wp-json\/wp\/v2\/types\/post"}],"author":[{"embeddable":true,"href":"https:\/\/www.o-p-i.fr\/parlonsen\/wp-json\/wp\/v2\/users\/3"}],"replies":[{"embeddable":true,"href":"https:\/\/www.o-p-i.fr\/parlonsen\/wp-json\/wp\/v2\/comments?post=3708"}],"version-history":[{"count":0,"href":"https:\/\/www.o-p-i.fr\/parlonsen\/wp-json\/wp\/v2\/posts\/3708\/revisions"}],"wp:attachment":[{"href":"https:\/\/www.o-p-i.fr\/parlonsen\/wp-json\/wp\/v2\/media?parent=3708"}],"wp:term":[{"taxonomy":"category","embeddable":true,"href":"https:\/\/www.o-p-i.fr\/parlonsen\/wp-json\/wp\/v2\/categories?post=3708"},{"taxonomy":"post_tag","embeddable":true,"href":"https:\/\/www.o-p-i.fr\/parlonsen\/wp-json\/wp\/v2\/tags?post=3708"}],"curies":[{"name":"wp","href":"https:\/\/api.w.org\/{rel}","templated":true}]}}