{"id":37083,"date":"2018-08-23T09:51:49","date_gmt":"2018-08-23T08:51:49","guid":{"rendered":"\/parlonsen\/?p=37083"},"modified":"2018-08-26T09:20:14","modified_gmt":"2018-08-26T08:20:14","slug":"fete-des-vendanges-a-saint-urcisse-81-2","status":"publish","type":"post","link":"https:\/\/www.o-p-i.fr\/parlonsen\/localisation\/au-pays-des-tescous\/saint-urcisse\/fete-des-vendanges-a-saint-urcisse-81-2\/","title":{"rendered":"F\u00eate des Vendanges&#8230;\u00e0 Saint Urcisse (81)"},"content":{"rendered":"<p><strong>Dimanche 23 septembre 2018<\/strong>, \u00e0 partir de 10h.30<!--more--><\/p>\n<p><img data-recalc-dims=\"1\" loading=\"lazy\" decoding=\"async\" class=\"alignright wp-image-37085\" src=\"https:\/\/i0.wp.com\/www.o-p-i.fr\/parlonsen\/wp-content\/uploads\/vendanges1.jpg?resize=400%2C248&#038;ssl=1\" alt=\"\" width=\"400\" height=\"248\" srcset=\"https:\/\/i0.wp.com\/www.o-p-i.fr\/parlonsen\/wp-content\/uploads\/vendanges1.jpg?resize=300%2C186&amp;ssl=1 300w, https:\/\/i0.wp.com\/www.o-p-i.fr\/parlonsen\/wp-content\/uploads\/vendanges1.jpg?resize=150%2C93&amp;ssl=1 150w, https:\/\/i0.wp.com\/www.o-p-i.fr\/parlonsen\/wp-content\/uploads\/vendanges1.jpg?resize=400%2C248&amp;ssl=1 400w, https:\/\/i0.wp.com\/www.o-p-i.fr\/parlonsen\/wp-content\/uploads\/vendanges1.jpg?w=595&amp;ssl=1 595w\" sizes=\"auto, (max-width: 400px) 100vw, 400px\" \/><\/p>\n<p>Le comit\u00e9 des F\u00eates et des associations du village et des environs vous proposent de c\u00e9l\u00e9brer les vendanges 2018 avec un programme festif autour du repas traditionnel pour la circonstance.<br \/>\nAu programme :<\/p>\n<ul>\n<li><strong>10h30<\/strong> :\u00a0Rendez-vous dans la vigne de Guy FARGES, sur le bord de la D12 (route de Monclar). Amener seaux et ciseaux ou s\u00e9cateurs. Pr\u00eat de mat\u00e9riel pour les non \u00e9quip\u00e9s.<\/li>\n<li><strong>Midi<\/strong> :\u00a0Ap\u00e9ro \u00e0 la salle des f\u00eates de Saint-Urcisse.<\/li>\n<li><strong>12h30<\/strong> :\u00a0Repas traditionnel des vendanges avec au menu :\n<ul>\n<li>Bouillon de poule vermicelle<\/li>\n<li>Salade de tomates et oignons blancs<\/li>\n<li>Poule farcie<\/li>\n<li>R\u00f4ti de porc et sa jardini\u00e8re de l\u00e9gumes<\/li>\n<li>Croustade aux pommes<\/li>\n<li>Vin et caf\u00e9<\/li>\n<\/ul>\n<\/li>\n<\/ul>\n<p>Le repas servi \u00e0 la salle des f\u00eates sera pr\u00e9par\u00e9 comme l&rsquo;an pass\u00e9 par Lauren et Edward qui\u00a0ont redonn\u00e9 vie au restaurant <strong>\u00ab\u00a0La Ch\u00eanaie\u00a0\u00bb<\/strong>.<br \/>\n<strong>Le Poutou de Toulouse<\/strong>\u00a0animera cette journ\u00e9e.<br \/>\nTarifs : Adultes : 19 \u20ac, Enfants (5 \u00e0 12 ans) : 9.50 \u20ac Gratuit pour les &#8211; de 5 ans<br \/>\nR\u00e9servations\u00a0avant le 18 septembre\u00a0aupr\u00e8s de Babeth Loubersac : 09 63 59 51 37 ou 06 32 60 55 75, courriel\u00a0<a href=\"mailto:violettes31@wanadoo.fr\">violettes31@wanadoo.fr<\/a><br \/>\nLe\u00a0Conservatoire de l&rsquo;outillage du pays des Bastides\u00a0 et <strong><a href=\"http:\/\/invinciblevigneron.wixsite.com\/museedesvignerons\" target=\"_blank\" rel=\"noopener noreferrer\">inVINcible V<\/a>IGNEron<\/strong> pr\u00e9senteront du mat\u00e9riel d&rsquo;autrefois. Jean FARENQ sera pr\u00e9sent avec la meule \u00e0 p\u00e9dale, amenez couteaux et ciseaux qu&rsquo;il se fera un plaisir d&rsquo;aiguiser.<br \/>\nContact :<a href=\"https:\/\/www.o-p-i.fr\/aupays\/annuaire\/loisirs\/comite-des-fetes-de-saint-urcisse\/\" target=\"_blank\" rel=\"noopener noreferrer\">\u00a0Comit\u00e9 des F\u00eates de Saint-Urcisse<\/a><\/p>\n<p><em>Information communiqu\u00e9 par le collectif des associations de Saint Urcisse<\/em><\/p>\n<p><a href=\"https:\/\/www.o-p-i.fr\/parlonsen\/agenda\/\"><strong>Retrouvez tous les \u00e9v\u00e9nements dans l&rsquo;agenda !<\/strong><\/a><\/p>\n","protected":false},"excerpt":{"rendered":"<div class=\"mh-excerpt\">Dimanche 23 septembre 2018, \u00e0 partir de 10h.30<\/div>\n","protected":false},"author":4,"featured_media":0,"comment_status":"open","ping_status":"open","sticky":false,"template":"","format":"standard","meta":{"om_disable_all_campaigns":false,"advanced_seo_description":"","jetpack_seo_html_title":"","jetpack_seo_noindex":false,"_jetpack_memberships_contains_paid_content":false,"footnotes":"","_links_to":"","_links_to_target":""},"categories":[54,18,3301],"tags":[2407,2408,2913,2925],"class_list":{"0":"post-37083","1":"post","2":"type-post","3":"status-publish","4":"format-standard","6":"category-loisirs","7":"category-saint-urcisse","8":"category-n150-septembre-2018","9":"tag-fete-des-vendanges","10":"tag-repas-traditionnel","11":"tag-saint-urcisse","12":"tag-danses-occitanes"},"jetpack_featured_media_url":"","views":{"total":0,"cached_at":"","cached_date":1738517402},"jetpack_likes_enabled":true,"jetpack_sharing_enabled":true,"jetpack_shortlink":"https:\/\/wp.me\/pg7Wxj-9E7","jetpack-related-posts":[],"_links":{"self":[{"href":"https:\/\/www.o-p-i.fr\/parlonsen\/wp-json\/wp\/v2\/posts\/37083","targetHints":{"allow":["GET"]}}],"collection":[{"href":"https:\/\/www.o-p-i.fr\/parlonsen\/wp-json\/wp\/v2\/posts"}],"about":[{"href":"https:\/\/www.o-p-i.fr\/parlonsen\/wp-json\/wp\/v2\/types\/post"}],"author":[{"embeddable":true,"href":"https:\/\/www.o-p-i.fr\/parlonsen\/wp-json\/wp\/v2\/users\/4"}],"replies":[{"embeddable":true,"href":"https:\/\/www.o-p-i.fr\/parlonsen\/wp-json\/wp\/v2\/comments?post=37083"}],"version-history":[{"count":0,"href":"https:\/\/www.o-p-i.fr\/parlonsen\/wp-json\/wp\/v2\/posts\/37083\/revisions"}],"wp:attachment":[{"href":"https:\/\/www.o-p-i.fr\/parlonsen\/wp-json\/wp\/v2\/media?parent=37083"}],"wp:term":[{"taxonomy":"category","embeddable":true,"href":"https:\/\/www.o-p-i.fr\/parlonsen\/wp-json\/wp\/v2\/categories?post=37083"},{"taxonomy":"post_tag","embeddable":true,"href":"https:\/\/www.o-p-i.fr\/parlonsen\/wp-json\/wp\/v2\/tags?post=37083"}],"curies":[{"name":"wp","href":"https:\/\/api.w.org\/{rel}","templated":true}]}}