{"id":3713,"date":"2010-05-10T15:00:59","date_gmt":"2010-05-10T13:00:59","guid":{"rendered":"\/parlonsen\/?p=3713"},"modified":"2010-05-10T15:00:59","modified_gmt":"2010-05-10T13:00:59","slug":"vide-atelier-a-monesties","status":"publish","type":"post","link":"https:\/\/www.o-p-i.fr\/parlonsen\/parlons-en\/culture\/vide-atelier-a-monesties\/","title":{"rendered":"Vide Atelier &#8230; \u00e0 Monesti\u00e9s"},"content":{"rendered":"<p style=\"text-align: justify;\"><span style=\"color: #800000;\"><strong>Week-Ends de l&rsquo;Ascension et Pentec\u00f4te<\/strong><\/span> : En\u00a0 raison des travaux r\u00e9alis\u00e9 dans son nouvel atelier, <span style=\"color: #800000;\"><strong>V\u00e9ronique Colombo<\/strong><\/span> doit se r\u00e9soudre \u00e0 se s\u00e9parer d&rsquo;un certain nombre de ses toiles.<!--more--><\/p>\n<p style=\"text-align: justify;\">\n<figure id=\"attachment_3714\" aria-describedby=\"caption-attachment-3714\" style=\"width: 300px\" class=\"wp-caption alignleft\"><img data-recalc-dims=\"1\" loading=\"lazy\" decoding=\"async\" class=\"size-full wp-image-3714\" title=\"Vide Atelier - Monesti\u00e9s (81)\" src=\"https:\/\/i0.wp.com\/www.o-p-i.fr\/parlonsen\/wp-content\/uploads\/vide_atelier_colombo.jpg?resize=300%2C280&#038;ssl=1\" alt=\"Vide Atelier - Monesti\u00e9s (81)\" width=\"300\" height=\"280\" \/><figcaption id=\"caption-attachment-3714\" class=\"wp-caption-text\">Vide Atelier - Monesti\u00e9s (81)<\/figcaption><\/figure>\n<p>Dans un soucis d&rsquo;unit\u00e9 visuelle lors des expositions pr\u00e9vues en 2010, elle vous propose, \u00e0 titre exceptionnel, en dessous de leur valeur r\u00e9elle, une s\u00e9rie de tableaux petits, moyen ou grand format.<\/p>\n<p style=\"text-align: justify;\">Ces \u0153uvres seront visibles pendant les week-ends de l&rsquo;Ascension (<span style=\"color: #800000;\"><strong>13, 14, 15 et 16 Mai<\/strong><\/span>) et Pentec\u00f4te (<span style=\"color: #800000;\"><strong>22, 23 et 24 Mai<\/strong><\/span>), \u00e0 la galerie \u00ab\u00a0<span style=\"color: #800000;\"><strong>l&rsquo;Atelier<\/strong><\/span>\u00a0\u00bb de Monesti\u00e9s (<a title=\"Ouvre le plan dans une nouvelle fen\u00eatre\" href=\"http:\/\/maps.google.fr\/places\/fr\/midi-pyr%C3%A9n%C3%A9es\/monesti%C3%A9s?gl=fr\" target=\"_blank\">Voir le Plan<\/a>).<\/p>\n<p style=\"text-align: justify;\">Comme d&rsquo;habitude, chaque \u0153uvre est une pi\u00e8ce unique et sera accompagn\u00e9e d&rsquo;un certificat d&rsquo;authenticit\u00e9.<\/p>\n<p style=\"text-align: justify;\"><span style=\"color: #800000;\"><strong>Contact : V\u00e9ronique COLOMBO<\/strong><\/span><br \/>\n<span style=\"color: #800000;\">Le Fangas<br \/>\n81140 Castelnau de Montmiral<br \/>\nT\u00e9l. Port. : 06 14 45 13 60<br \/>\nT\u00e9l. Fixe : 05 63 33 29 10<br \/>\nSite :\u00a0 <a title=\"Ouvre le site dans une nouvelle fen\u00eatre\" href=\"http:\/\/www.colomboveronique.com\" target=\"_blank\">www.colomboveronique.com<\/a><\/span><\/p>\n<p style=\"text-align: justify;\"><em>Communiqu\u00e9 et image de V\u00e9ronique Colombo.<\/em><\/p>\n<p style=\"text-align: justify;\"><a href=\"https:\/\/www.o-p-i.fr\/parlonsen\/agenda\/\"><strong>Retrouvez tous les \u00e9v\u00e8nements dans l&rsquo;agenda !<\/strong><\/a><\/p>\n","protected":false},"excerpt":{"rendered":"<div class=\"mh-excerpt\">Week-Ends de l&rsquo;Ascension et Pentec\u00f4te : En\u00a0 raison des travaux r\u00e9alis\u00e9 dans son nouvel atelier, V\u00e9ronique Colombo doit se r\u00e9soudre \u00e0 se s\u00e9parer d&rsquo;un certain nombre de ses toiles.<\/div>\n","protected":false},"author":2,"featured_media":0,"comment_status":"open","ping_status":"open","sticky":false,"template":"","format":"standard","meta":{"om_disable_all_campaigns":false,"advanced_seo_description":"","jetpack_seo_html_title":"","jetpack_seo_noindex":false,"_jetpack_memberships_contains_paid_content":false,"footnotes":"","_links_to":"","_links_to_target":""},"categories":[51,4,42,1,503],"tags":[172,516,517],"class_list":{"0":"post-3713","1":"post","2":"type-post","3":"status-publish","4":"format-standard","6":"category-artisanat","7":"category-commerce","8":"category-a-cote-de-chez-nous","9":"category-culture","10":"category-n-49-mai-2010","11":"tag-exposition","12":"tag-vente","13":"tag-vide-atelier"},"jetpack_featured_media_url":"","views":{"total":0,"cached_at":"","cached_date":1738532505},"jetpack_likes_enabled":true,"jetpack_sharing_enabled":true,"jetpack_shortlink":"https:\/\/wp.me\/pg7Wxj-XT","jetpack-related-posts":[],"_links":{"self":[{"href":"https:\/\/www.o-p-i.fr\/parlonsen\/wp-json\/wp\/v2\/posts\/3713","targetHints":{"allow":["GET"]}}],"collection":[{"href":"https:\/\/www.o-p-i.fr\/parlonsen\/wp-json\/wp\/v2\/posts"}],"about":[{"href":"https:\/\/www.o-p-i.fr\/parlonsen\/wp-json\/wp\/v2\/types\/post"}],"author":[{"embeddable":true,"href":"https:\/\/www.o-p-i.fr\/parlonsen\/wp-json\/wp\/v2\/users\/2"}],"replies":[{"embeddable":true,"href":"https:\/\/www.o-p-i.fr\/parlonsen\/wp-json\/wp\/v2\/comments?post=3713"}],"version-history":[{"count":0,"href":"https:\/\/www.o-p-i.fr\/parlonsen\/wp-json\/wp\/v2\/posts\/3713\/revisions"}],"wp:attachment":[{"href":"https:\/\/www.o-p-i.fr\/parlonsen\/wp-json\/wp\/v2\/media?parent=3713"}],"wp:term":[{"taxonomy":"category","embeddable":true,"href":"https:\/\/www.o-p-i.fr\/parlonsen\/wp-json\/wp\/v2\/categories?post=3713"},{"taxonomy":"post_tag","embeddable":true,"href":"https:\/\/www.o-p-i.fr\/parlonsen\/wp-json\/wp\/v2\/tags?post=3713"}],"curies":[{"name":"wp","href":"https:\/\/api.w.org\/{rel}","templated":true}]}}