{"id":37166,"date":"2018-09-03T09:45:48","date_gmt":"2018-09-03T08:45:48","guid":{"rendered":"\/parlonsen\/?p=37166"},"modified":"2018-09-07T10:47:34","modified_gmt":"2018-09-07T09:47:34","slug":"journees-europeennes-du-patrimoine-a-lisle-sur-tarn-81-2","status":"publish","type":"post","link":"https:\/\/www.o-p-i.fr\/parlonsen\/localisation\/a-cote-de-chez-nous\/journees-europeennes-du-patrimoine-a-lisle-sur-tarn-81-2\/","title":{"rendered":"Journ\u00e9es Europ\u00e9ennes du Patrimoine&#8230;\u00e0 Lisle sur Tarn (81)"},"content":{"rendered":"<p><strong>Samedi 15 et dimanche 16 septembre 2018<\/strong>, au Mus\u00e9e Raymond Lafage.<!--more--> <img data-recalc-dims=\"1\" loading=\"lazy\" decoding=\"async\" class=\"alignright size-full wp-image-37167\" src=\"https:\/\/i0.wp.com\/www.o-p-i.fr\/parlonsen\/wp-content\/uploads\/lafage.jpg?resize=283%2C414&#038;ssl=1\" alt=\"\" width=\"283\" height=\"414\" srcset=\"https:\/\/i0.wp.com\/www.o-p-i.fr\/parlonsen\/wp-content\/uploads\/lafage.jpg?w=283&amp;ssl=1 283w, https:\/\/i0.wp.com\/www.o-p-i.fr\/parlonsen\/wp-content\/uploads\/lafage.jpg?resize=205%2C300&amp;ssl=1 205w, https:\/\/i0.wp.com\/www.o-p-i.fr\/parlonsen\/wp-content\/uploads\/lafage.jpg?resize=103%2C150&amp;ssl=1 103w\" sizes=\"auto, (max-width: 283px) 100vw, 283px\" \/>Dans le cadre des Journ\u00e9es Europ\u00e9ennes du Patrimoine 2018, le mus\u00e9e Raymond Lafage vous propose plusieurs rendez-vous tout-au-long du week-end.<\/p>\n<ul>\n<li><strong>Samedi 15 septembre :<\/strong>\n<ul>\n<li>15h30 Concert de Chansons Occitanes<\/li>\n<li><del><strong><span style=\"color: #ff0000;\">ANNULE<\/span><\/strong> 21h00 Visite nocturne comment\u00e9e de l&rsquo;exposition \u00ab Terre-rare \u00bb de Jean-Luc FAV\u00c9RO<\/del><\/li>\n<\/ul>\n<\/li>\n<li><strong>Dimanche 16 septembre :<\/strong>\n<ul>\n<li>15h30 une pi\u00e8ce de th\u00e9\u00e2tre interpr\u00e9t\u00e9e Les JAC&rsquo;s intitul\u00e9e : \u00ab L.A.M. Lou Agglo Mercat \u00bb<\/li>\n<\/ul>\n<\/li>\n<\/ul>\n<p>Cette ann\u00e9e Les JAC&rsquo;S, comme Jeunes Ados Cultiv\u00e9s, vous pr\u00e9sentent leur derni\u00e8re cr\u00e9ation sur la th\u00e9matique, tr\u00e8s populaire, du \u00ab March\u00e9 de notre Pays \u00bb<\/p>\n<p>Pour nous accompagner durant ce week-end plein de promesses, les vignerons du Domaine Al Couderc, vous proposeront d\u00e9couvertes et d\u00e9gustations de leurs meilleurs crus.<\/p>\n<p>NB : Durant le week-end des Journ\u00e9es Europ\u00e9ennes du Patrimoine, l&rsquo;acc\u00e8s au mus\u00e9e reste payant, seul l&rsquo;acc\u00e8s aux animations sera gratuit !<\/p>\n<p><strong> Pour y aller:<\/strong><br \/>\n10 rue Victor Mazi\u00e8s<br \/>\n81310-Lisle-sur-Tarn<\/p>\n<p>Tarifs : Adulte :4\u20ac, R\u00e9duit :2\u20ac<\/p>\n<p><strong> Organisateur : <a href=\"https:\/\/www.o-p-i.fr\/aupays\/annuaire\/tourisme\/musee-raymond-lafage-lisle-sur-tarn\/\" target=\"_blank\" rel=\"noopener noreferrer\">Mus\u00e9e Raymond Lafage<\/a><\/strong><\/p>\n<p><strong> Contact : <\/strong>CARRASSUS Anne-Marie<br \/>\nT\u00e9l. :0563404545<br \/>\nCourriel :<a href=\"mailto:musee.lislesurtarn@wanadoo.fr\">musee.lislesurtarn@wanadoo.fr<\/a><\/p>\n<p><em>Information communiqu\u00e9e par\u00a0Aurore<\/em><\/p>\n<p><a href=\"https:\/\/www.o-p-i.fr\/parlonsen\/agenda\/\"><strong>Retrouvez tous les \u00e9v\u00e9nements dans l&rsquo;agenda !<\/strong><\/a><\/p>\n","protected":false},"excerpt":{"rendered":"<div class=\"mh-excerpt\">Samedi 15 et dimanche 16 septembre 2018, au Mus\u00e9e Raymond Lafage.<\/div>\n","protected":false},"author":4,"featured_media":0,"comment_status":"open","ping_status":"open","sticky":false,"template":"","format":"standard","meta":{"om_disable_all_campaigns":false,"advanced_seo_description":"","jetpack_seo_html_title":"","jetpack_seo_noindex":false,"_jetpack_memberships_contains_paid_content":false,"footnotes":"","_links_to":"","_links_to_target":""},"categories":[42,54,3301],"tags":[43,57,77,78,1057,3347],"class_list":{"0":"post-37166","1":"post","2":"type-post","3":"status-publish","4":"format-standard","6":"category-a-cote-de-chez-nous","7":"category-loisirs","8":"category-n150-septembre-2018","9":"tag-concert","10":"tag-theatre","11":"tag-lisle-sur-tarn","12":"tag-musee-raymond-lafage","13":"tag-journees-du-patrimoine","14":"tag-chanson-occitane"},"jetpack_featured_media_url":"","views":{"total":0,"cached_at":"","cached_date":1738512092},"jetpack_likes_enabled":true,"jetpack_sharing_enabled":true,"jetpack_shortlink":"https:\/\/wp.me\/pg7Wxj-9Fs","jetpack-related-posts":[],"_links":{"self":[{"href":"https:\/\/www.o-p-i.fr\/parlonsen\/wp-json\/wp\/v2\/posts\/37166","targetHints":{"allow":["GET"]}}],"collection":[{"href":"https:\/\/www.o-p-i.fr\/parlonsen\/wp-json\/wp\/v2\/posts"}],"about":[{"href":"https:\/\/www.o-p-i.fr\/parlonsen\/wp-json\/wp\/v2\/types\/post"}],"author":[{"embeddable":true,"href":"https:\/\/www.o-p-i.fr\/parlonsen\/wp-json\/wp\/v2\/users\/4"}],"replies":[{"embeddable":true,"href":"https:\/\/www.o-p-i.fr\/parlonsen\/wp-json\/wp\/v2\/comments?post=37166"}],"version-history":[{"count":0,"href":"https:\/\/www.o-p-i.fr\/parlonsen\/wp-json\/wp\/v2\/posts\/37166\/revisions"}],"wp:attachment":[{"href":"https:\/\/www.o-p-i.fr\/parlonsen\/wp-json\/wp\/v2\/media?parent=37166"}],"wp:term":[{"taxonomy":"category","embeddable":true,"href":"https:\/\/www.o-p-i.fr\/parlonsen\/wp-json\/wp\/v2\/categories?post=37166"},{"taxonomy":"post_tag","embeddable":true,"href":"https:\/\/www.o-p-i.fr\/parlonsen\/wp-json\/wp\/v2\/tags?post=37166"}],"curies":[{"name":"wp","href":"https:\/\/api.w.org\/{rel}","templated":true}]}}