{"id":37174,"date":"2018-09-05T09:23:16","date_gmt":"2018-09-05T08:23:16","guid":{"rendered":"\/parlonsen\/?p=37174"},"modified":"2018-09-05T09:23:16","modified_gmt":"2018-09-05T08:23:16","slug":"cest-aussi-la-rentree-chacun-son-rythme-a-genebrieres-82","status":"publish","type":"post","link":"https:\/\/www.o-p-i.fr\/parlonsen\/localisation\/au-pays-des-tescous\/genebrieres\/cest-aussi-la-rentree-chacun-son-rythme-a-genebrieres-82\/","title":{"rendered":"C&rsquo;est aussi la rentr\u00e9e \u00ab\u00a0Chacun son rythme\u00a0\u00bb&#8230;\u00e0 Genebri\u00e8res (82)"},"content":{"rendered":"<p><strong>Lundis 10 et 17 septembre 2018<\/strong>, de 19h. \u00e0 21h. salle des associations.<!--more--><img data-recalc-dims=\"1\" loading=\"lazy\" decoding=\"async\" class=\"alignright size-full wp-image-37179\" src=\"https:\/\/i0.wp.com\/www.o-p-i.fr\/parlonsen\/wp-content\/uploads\/battucada.jpg?resize=567%2C332&#038;ssl=1\" alt=\"\" width=\"567\" height=\"332\" srcset=\"https:\/\/i0.wp.com\/www.o-p-i.fr\/parlonsen\/wp-content\/uploads\/battucada.jpg?w=567&amp;ssl=1 567w, https:\/\/i0.wp.com\/www.o-p-i.fr\/parlonsen\/wp-content\/uploads\/battucada.jpg?resize=300%2C176&amp;ssl=1 300w, https:\/\/i0.wp.com\/www.o-p-i.fr\/parlonsen\/wp-content\/uploads\/battucada.jpg?resize=150%2C88&amp;ssl=1 150w, https:\/\/i0.wp.com\/www.o-p-i.fr\/parlonsen\/wp-content\/uploads\/battucada.jpg?resize=400%2C234&amp;ssl=1 400w\" sizes=\"auto, (max-width: 567px) 100vw, 567px\" \/>L&rsquo;association <strong><a href=\"https:\/\/www.o-p-i.fr\/aupays\/annuaire\/loisirs\/chacun-son-rythme\/\" target=\"_blank\" rel=\"noopener noreferrer\">chacun son rythme<\/a>,<\/strong> t&rsquo;invite pour sa rentr\u00e9e le 10 septembre \u00e0 d\u00e9couvrir gratuitement et pratiquer les rythmes Afro-Br\u00e9siliens lors de ses portes ouvertes.<\/p>\n<p>Tu as envie d&rsquo;apprendre \u00e0 jouer des percussions Br\u00e9siliennes, de chanter, de bouger ? Tu as envie de faire partie d&rsquo;une Batucada et de vivre des moments musicaux intenses et festif ?<\/p>\n<p>Alors, viens nous rejoindre 10 et le 17 septembre salle des associations \u00e0 Genebri\u00e8res (de 19H \u00e0 21 H ) pr\u00e8s de Montauban.<\/p>\n<p>2 s\u00e9ances d&rsquo;essais gratuites.<\/p>\n<p><strong>Infos<\/strong>: 07 83 28 44 37 courriel: <a href=\"mailto:infocsr82@gmail.com\" target=\"_blank\" rel=\"noopener noreferrer\">infocsr82@gmail.com<\/a><\/p>\n<p><em>Information communiqu\u00e9e par Chacun son Rythme<\/em><\/p>\n<p><a href=\"https:\/\/www.o-p-i.fr\/parlonsen\/agenda\/\"><strong>Retrouvez tous les \u00e9v\u00e9nements dans l&rsquo;agenda !<\/strong><\/a><\/p>\n<p>&nbsp;<\/p>\n","protected":false},"excerpt":{"rendered":"<div class=\"mh-excerpt\">Lundis 10 et 17 septembre 2018, de 19h. \u00e0 21h. salle des associations.<\/div>\n","protected":false},"author":4,"featured_media":0,"comment_status":"open","ping_status":"open","sticky":false,"template":"","format":"standard","meta":{"om_disable_all_campaigns":false,"advanced_seo_description":"","jetpack_seo_html_title":"","jetpack_seo_noindex":false,"_jetpack_memberships_contains_paid_content":false,"footnotes":"","_links_to":"","_links_to_target":""},"categories":[52,29,54,648,3301],"tags":[2552,649,2901,2919],"class_list":{"0":"post-37174","1":"post","2":"type-post","3":"status-publish","4":"format-standard","6":"category-parlons-en","7":"category-genebrieres","8":"category-loisirs","9":"category-cest-la-rentree","10":"category-n150-septembre-2018","11":"tag-genebrieres","12":"tag-rentree","13":"tag-percussions","14":"tag-chacun-son-rythme"},"jetpack_featured_media_url":"","views":{"total":0,"cached_at":"","cached_date":1738512070},"jetpack_likes_enabled":true,"jetpack_sharing_enabled":true,"jetpack_shortlink":"https:\/\/wp.me\/pg7Wxj-9FA","jetpack-related-posts":[],"_links":{"self":[{"href":"https:\/\/www.o-p-i.fr\/parlonsen\/wp-json\/wp\/v2\/posts\/37174","targetHints":{"allow":["GET"]}}],"collection":[{"href":"https:\/\/www.o-p-i.fr\/parlonsen\/wp-json\/wp\/v2\/posts"}],"about":[{"href":"https:\/\/www.o-p-i.fr\/parlonsen\/wp-json\/wp\/v2\/types\/post"}],"author":[{"embeddable":true,"href":"https:\/\/www.o-p-i.fr\/parlonsen\/wp-json\/wp\/v2\/users\/4"}],"replies":[{"embeddable":true,"href":"https:\/\/www.o-p-i.fr\/parlonsen\/wp-json\/wp\/v2\/comments?post=37174"}],"version-history":[{"count":0,"href":"https:\/\/www.o-p-i.fr\/parlonsen\/wp-json\/wp\/v2\/posts\/37174\/revisions"}],"wp:attachment":[{"href":"https:\/\/www.o-p-i.fr\/parlonsen\/wp-json\/wp\/v2\/media?parent=37174"}],"wp:term":[{"taxonomy":"category","embeddable":true,"href":"https:\/\/www.o-p-i.fr\/parlonsen\/wp-json\/wp\/v2\/categories?post=37174"},{"taxonomy":"post_tag","embeddable":true,"href":"https:\/\/www.o-p-i.fr\/parlonsen\/wp-json\/wp\/v2\/tags?post=37174"}],"curies":[{"name":"wp","href":"https:\/\/api.w.org\/{rel}","templated":true}]}}