{"id":37182,"date":"2018-09-05T11:32:18","date_gmt":"2018-09-05T10:32:18","guid":{"rendered":"\/parlonsen\/?p=37182"},"modified":"2018-09-05T11:32:18","modified_gmt":"2018-09-05T10:32:18","slug":"chantons-sous-les-toits-a-montgaillard-81","status":"publish","type":"post","link":"https:\/\/www.o-p-i.fr\/parlonsen\/localisation\/au-pays-des-tescous\/montgaillard\/chantons-sous-les-toits-a-montgaillard-81\/","title":{"rendered":"Chantons sous les toits&#8230;\u00e0 Montgaillard (81)"},"content":{"rendered":"<p>Le <strong>dimanche 16 septembre 2018<\/strong> \u00e0 17 heures, chez Dany et Patrick,\u00a0336 Impasse La Dague.<!--more--><\/p>\n<p><img data-recalc-dims=\"1\" loading=\"lazy\" decoding=\"async\" class=\"alignright size-full wp-image-37183\" src=\"https:\/\/i0.wp.com\/www.o-p-i.fr\/parlonsen\/wp-content\/uploads\/chantons-1.jpg?resize=425%2C158&#038;ssl=1\" alt=\"\" width=\"425\" height=\"158\" srcset=\"https:\/\/i0.wp.com\/www.o-p-i.fr\/parlonsen\/wp-content\/uploads\/chantons-1.jpg?w=425&amp;ssl=1 425w, https:\/\/i0.wp.com\/www.o-p-i.fr\/parlonsen\/wp-content\/uploads\/chantons-1.jpg?resize=300%2C112&amp;ssl=1 300w, https:\/\/i0.wp.com\/www.o-p-i.fr\/parlonsen\/wp-content\/uploads\/chantons-1.jpg?resize=150%2C56&amp;ssl=1 150w, https:\/\/i0.wp.com\/www.o-p-i.fr\/parlonsen\/wp-content\/uploads\/chantons-1.jpg?resize=400%2C149&amp;ssl=1 400w\" sizes=\"auto, (max-width: 425px) 100vw, 425px\" \/>Claude FEVRE \u00e0 la lecture, et Dora MARS \u00e0 l\u2019accompagnement sonore, font revivre BARBARA, l\u2019enfant de la guerre, l\u2019adolescente qui d\u00e9couvre avec exaltation le piano puis la chanson, la femme qui chante, l\u2019artiste exigeante et passionn\u00e9e qui se met \u00e0 \u00e9crire ses m\u00e9moires pour mieux supporter le deuil de la sc\u00e8ne.<\/p>\n<p><em>\u00a0\u00bb On ouvre sa porte, entre la cohorte<\/em><br \/>\n<em> Des gens assoiff\u00e9s de mots et de notes<\/em><br \/>\n<em> Des gens affam\u00e9s de convivialit\u00e9<\/em><br \/>\n<em> Qui vont se parler gentiment quelle merveille !<\/em><br \/>\n<em> Un p&rsquo;tit bouquet de chansons \u00e0 l&rsquo;oreille.\u00a0<\/em><\/p>\n<p><em>\u00ab\u00a0Chantons sous les toits !\u00a0\u00bb Paroles et musique Fr\u00e9d\u00e9ric Blanchard<\/em><\/p>\n<p><strong><img data-recalc-dims=\"1\" loading=\"lazy\" decoding=\"async\" class=\"alignleft size-full wp-image-37184\" src=\"https:\/\/i0.wp.com\/www.o-p-i.fr\/parlonsen\/wp-content\/uploads\/lugan.jpg?resize=198%2C129&#038;ssl=1\" alt=\"\" width=\"198\" height=\"129\" srcset=\"https:\/\/i0.wp.com\/www.o-p-i.fr\/parlonsen\/wp-content\/uploads\/lugan.jpg?w=198&amp;ssl=1 198w, https:\/\/i0.wp.com\/www.o-p-i.fr\/parlonsen\/wp-content\/uploads\/lugan.jpg?resize=150%2C98&amp;ssl=1 150w\" sizes=\"auto, (max-width: 198px) 100vw, 198px\" \/>En deuxi\u00e8me partie,<\/strong><br \/>\nMary LUGAN sera notre sp\u00e9ciale-invit\u00e9e-amie, parce que nous l\u2019aimons.<br \/>\nC\u2019est une tr\u00e8s belle personne, qui donne et donne<br \/>\nCe soir-l\u00e0, nous l\u2019acclamerons pour la mini-premi\u00e8re de sa tourn\u00e9e artistique<br \/>\net son interpr\u00e9tation-\u00e9motion de chansons choisies de BARBARA,<\/p>\n<p>Des gens, Qui apr\u00e8s le concert<br \/>\n\u00e9changeront, partageront avec les artistes<br \/>\net entre eux, des mercis, des tapas, des desserts<br \/>\net Qui envahiront heureux la piste,<\/p>\n<p>Ouvert \u00e0 toutes et tous,<br \/>\n<strong>Vous r\u00e9servez<\/strong> aux: 06 19 95 10 75 &#8211; 06 07 72 36 48- Courriel: <a href=\"mailto:lesdunet@orange.fr\"><strong>lesdunet@orange.fr<\/strong><\/a><br \/>\nTarifs : tarif plein 12\u20ac &#8211; tarif r\u00e9duit: adh\u00e9rent 9\u20ac-ch\u00f4meur 5\u20ac<br \/>\nIl est indispensable que vos r\u00e9servations soient faites d\u00e8s votre d\u00e9cision prise. Il faut un nombre minimum de spectateur.e.s pour assurer le cachet et les frais de d\u00e9placements de l&rsquo;artiste et ainsi pouvoir lui et vous confirmer le maintien du concert dans un d\u00e9lai respectable et pour nous, pr\u00e9parer cet \u00e9v\u00e8nement en toute s\u00e9r\u00e9nit\u00e9.<\/p>\n<p><em>Information communiqu\u00e9e par Dany et Patrick<\/em><\/p>\n<p>&nbsp;<\/p>\n","protected":false},"excerpt":{"rendered":"<div class=\"mh-excerpt\">Le dimanche 16 septembre 2018 \u00e0 17 heures, chez Dany et Patrick,\u00a0336 Impasse La Dague.<\/div>\n","protected":false},"author":4,"featured_media":0,"comment_status":"open","ping_status":"open","sticky":false,"template":"","format":"standard","meta":{"om_disable_all_campaigns":false,"advanced_seo_description":"","jetpack_seo_html_title":"","jetpack_seo_noindex":false,"_jetpack_memberships_contains_paid_content":false,"footnotes":"","_links_to":"","_links_to_target":""},"categories":[54,31,3301],"tags":[2554,660],"class_list":{"0":"post-37182","1":"post","2":"type-post","3":"status-publish","4":"format-standard","6":"category-loisirs","7":"category-montgaillard","8":"category-n150-septembre-2018","9":"tag-montgaillard","10":"tag-chantons-sous-les-toits"},"jetpack_featured_media_url":"","views":{"total":0,"cached_at":"","cached_date":1738512084},"jetpack_likes_enabled":true,"jetpack_sharing_enabled":true,"jetpack_shortlink":"https:\/\/wp.me\/pg7Wxj-9FI","jetpack-related-posts":[],"_links":{"self":[{"href":"https:\/\/www.o-p-i.fr\/parlonsen\/wp-json\/wp\/v2\/posts\/37182","targetHints":{"allow":["GET"]}}],"collection":[{"href":"https:\/\/www.o-p-i.fr\/parlonsen\/wp-json\/wp\/v2\/posts"}],"about":[{"href":"https:\/\/www.o-p-i.fr\/parlonsen\/wp-json\/wp\/v2\/types\/post"}],"author":[{"embeddable":true,"href":"https:\/\/www.o-p-i.fr\/parlonsen\/wp-json\/wp\/v2\/users\/4"}],"replies":[{"embeddable":true,"href":"https:\/\/www.o-p-i.fr\/parlonsen\/wp-json\/wp\/v2\/comments?post=37182"}],"version-history":[{"count":0,"href":"https:\/\/www.o-p-i.fr\/parlonsen\/wp-json\/wp\/v2\/posts\/37182\/revisions"}],"wp:attachment":[{"href":"https:\/\/www.o-p-i.fr\/parlonsen\/wp-json\/wp\/v2\/media?parent=37182"}],"wp:term":[{"taxonomy":"category","embeddable":true,"href":"https:\/\/www.o-p-i.fr\/parlonsen\/wp-json\/wp\/v2\/categories?post=37182"},{"taxonomy":"post_tag","embeddable":true,"href":"https:\/\/www.o-p-i.fr\/parlonsen\/wp-json\/wp\/v2\/tags?post=37182"}],"curies":[{"name":"wp","href":"https:\/\/api.w.org\/{rel}","templated":true}]}}