{"id":37205,"date":"2018-09-05T18:34:23","date_gmt":"2018-09-05T17:34:23","guid":{"rendered":"\/parlonsen\/?p=37205"},"modified":"2025-11-12T00:39:49","modified_gmt":"2025-11-11T23:39:49","slug":"grand-bal-trad-de-fin-dete-a-bioule-82","status":"publish","type":"post","link":"https:\/\/www.o-p-i.fr\/parlonsen\/localisation\/a-cote-de-chez-nous\/bioule\/grand-bal-trad-de-fin-dete-a-bioule-82\/","title":{"rendered":"Grand bal trad de fin d&rsquo;\u00e9t\u00e9&#8230;\u00e0 Bioule (82)"},"content":{"rendered":"<p><strong>Samedi 8 septembre 2018<\/strong>, de 21h. \u00e0 1h. du matin! salle des f\u00eates<br \/>\n<!--more-->\u00a0<img data-recalc-dims=\"1\" loading=\"lazy\" decoding=\"async\" class=\"alignright size-full wp-image-37206\" src=\"https:\/\/i0.wp.com\/www.o-p-i.fr\/parlonsen\/wp-content\/uploads\/Joi.jpg?resize=283%2C283&#038;ssl=1\" alt=\"\" width=\"283\" height=\"283\" srcset=\"https:\/\/i0.wp.com\/www.o-p-i.fr\/parlonsen\/wp-content\/uploads\/Joi.jpg?w=283&amp;ssl=1 283w, https:\/\/i0.wp.com\/www.o-p-i.fr\/parlonsen\/wp-content\/uploads\/Joi.jpg?resize=150%2C150&amp;ssl=1 150w\" sizes=\"auto, (max-width: 283px) 100vw, 283px\" \/>Apr\u00e8s un \u00e9t\u00e9 particuli\u00e8rement riche en manifestations vari\u00e9es et r\u00e9ussies, le R\u00e9veil occitan vous fait part de ce bal de cl\u00f4ture de l\u2019estiu occitan . Un estiu qui a fait d\u00e9couvrir notre culture \u00e0 de nombreux vacanciers mais aussi \u00e0 la jeunesse de notre territoire qui s\u2019associe de plus en plus \u00e0 nos manifestations. C\u2019est aussi pour cela que nous proposons la gratuit\u00e9 pour le bal occitan de ce samedi 8 septembre, \u00e0 tous les jeunes de moins de 14 ans. Une fa\u00e7on de souhaiter aussi la bienvenue aux familles qui ont choisi l\u2019enseignement bilingue pour leurs enfants.<\/p>\n<p>\u00ab<em> Occitania, un pais que v\u00f2l viure, una lenga que v\u00f2l pas morir !<\/em> \u00bb. Oui notre combat en faveur de manifestations occitanes festives n\u2019oublie pas que nous sommes l\u00e0 aussi pour d\u00e9fendre une culture, pour d\u00e9fendre un territoire, pour que vive un \u00ab <em>biais de viure<\/em> \u00bb auquel nous sommes tr\u00e8s attach\u00e9s.<\/p>\n<p>Rendez-vous samedi 8 septembre \u00e0 21h, salle de f\u00eates, bal traditionnel, anim\u00e9 ; par le groupe J\u00f2\u00ef . <strong>Renseignements<\/strong> : 05 63 67 85 92 ; 06 71 00 29 25 ; <a href=\"mailto:journalrobert@wanadoo.fr\">journalrobert@wanadoo.fr<\/a> ;<\/p>\n<p class=\"first\"><strong>Prix:<\/strong> 5 euros. Buvette.<\/p>\n<p class=\"first\"><em>Information communiqu\u00e9e par Robert LINAS<\/em><\/p>\n<p><a href=\"https:\/\/www.o-p-i.fr\/parlonsen\/agenda\/\"><strong>Retrouvez tous les \u00e9v\u00e9nements dans l&rsquo;agenda !<\/strong><\/a><\/p>\n","protected":false},"excerpt":{"rendered":"<div class=\"mh-excerpt\">Samedi 8 septembre 2018, de 21h. \u00e0 1h. du matin! salle des f\u00eates<\/div>\n","protected":false},"author":4,"featured_media":0,"comment_status":"open","ping_status":"open","sticky":false,"template":"","format":"standard","meta":{"om_disable_all_campaigns":false,"advanced_seo_description":"","jetpack_seo_html_title":"","jetpack_seo_noindex":false,"_jetpack_memberships_contains_paid_content":false,"footnotes":"","_links_to":"","_links_to_target":""},"categories":[40,54,3301],"tags":[1706,2015],"class_list":{"0":"post-37205","1":"post","2":"type-post","3":"status-publish","4":"format-standard","6":"category-bioule","7":"category-loisirs","8":"category-n150-septembre-2018","9":"tag-bal-traditionnel","10":"tag-bal-occitan"},"jetpack_featured_media_url":"","views":{"total":0,"cached_at":"","cached_date":1738512170},"jetpack_likes_enabled":true,"jetpack_sharing_enabled":true,"jetpack_shortlink":"https:\/\/wp.me\/pg7Wxj-9G5","jetpack-related-posts":[],"_links":{"self":[{"href":"https:\/\/www.o-p-i.fr\/parlonsen\/wp-json\/wp\/v2\/posts\/37205","targetHints":{"allow":["GET"]}}],"collection":[{"href":"https:\/\/www.o-p-i.fr\/parlonsen\/wp-json\/wp\/v2\/posts"}],"about":[{"href":"https:\/\/www.o-p-i.fr\/parlonsen\/wp-json\/wp\/v2\/types\/post"}],"author":[{"embeddable":true,"href":"https:\/\/www.o-p-i.fr\/parlonsen\/wp-json\/wp\/v2\/users\/4"}],"replies":[{"embeddable":true,"href":"https:\/\/www.o-p-i.fr\/parlonsen\/wp-json\/wp\/v2\/comments?post=37205"}],"version-history":[{"count":1,"href":"https:\/\/www.o-p-i.fr\/parlonsen\/wp-json\/wp\/v2\/posts\/37205\/revisions"}],"predecessor-version":[{"id":67514,"href":"https:\/\/www.o-p-i.fr\/parlonsen\/wp-json\/wp\/v2\/posts\/37205\/revisions\/67514"}],"wp:attachment":[{"href":"https:\/\/www.o-p-i.fr\/parlonsen\/wp-json\/wp\/v2\/media?parent=37205"}],"wp:term":[{"taxonomy":"category","embeddable":true,"href":"https:\/\/www.o-p-i.fr\/parlonsen\/wp-json\/wp\/v2\/categories?post=37205"},{"taxonomy":"post_tag","embeddable":true,"href":"https:\/\/www.o-p-i.fr\/parlonsen\/wp-json\/wp\/v2\/tags?post=37205"}],"curies":[{"name":"wp","href":"https:\/\/api.w.org\/{rel}","templated":true}]}}