{"id":37352,"date":"2018-09-15T09:39:34","date_gmt":"2018-09-15T08:39:34","guid":{"rendered":"\/parlonsen\/?p=37352"},"modified":"2018-09-15T09:44:23","modified_gmt":"2018-09-15T08:44:23","slug":"rencontre-avec-benoit-severac-a-salvagnac-81","status":"publish","type":"post","link":"https:\/\/www.o-p-i.fr\/parlonsen\/localisation\/au-pays-des-tescous\/salvagnac\/rencontre-avec-benoit-severac-a-salvagnac-81\/","title":{"rendered":"Rencontre avec Benoit S\u00e9verac &#8230;\u00e0 Salvagnac (81)"},"content":{"rendered":"<p><strong>Vendredi 21 septembre 2018<\/strong>, \u00e0 18h \u00e0 l&rsquo;ancien presbyt\u00e8re. <!--more--><img data-recalc-dims=\"1\" loading=\"lazy\" decoding=\"async\" class=\"alignright size-full wp-image-37353\" src=\"https:\/\/i0.wp.com\/www.o-p-i.fr\/parlonsen\/wp-content\/uploads\/bibli.jpg?resize=411%2C262&#038;ssl=1\" alt=\"\" width=\"411\" height=\"262\" srcset=\"https:\/\/i0.wp.com\/www.o-p-i.fr\/parlonsen\/wp-content\/uploads\/bibli.jpg?w=411&amp;ssl=1 411w, https:\/\/i0.wp.com\/www.o-p-i.fr\/parlonsen\/wp-content\/uploads\/bibli.jpg?resize=300%2C191&amp;ssl=1 300w, https:\/\/i0.wp.com\/www.o-p-i.fr\/parlonsen\/wp-content\/uploads\/bibli.jpg?resize=150%2C96&amp;ssl=1 150w, https:\/\/i0.wp.com\/www.o-p-i.fr\/parlonsen\/wp-content\/uploads\/bibli.jpg?resize=400%2C255&amp;ssl=1 400w\" sizes=\"auto, (max-width: 411px) 100vw, 411px\" \/>Pour la 4\u00e8me ann\u00e9e de suite venez \u00e0 Salvagnac dans le cadre de Lisle Noir 2018 &#8211; LES VENDANGES DU POLAR.<\/p>\n<p>Ce sera l&rsquo;occasion de rencontrer l&rsquo;auteur Benoit S\u00e9verac.<br \/>\nBeno\u00eet S\u00e9verac est auteur de romans et de nouvelles en litt\u00e9rature noire et polici\u00e8re adulte et jeunesse.<br \/>\nSes romans ont remport\u00e9 de nombreux prix, certains ont \u00e9t\u00e9 traduits aux \u00c9tats-Unis ou adapt\u00e9s au th\u00e9\u00e2tre.ls font la part belle \u00e0 un r\u00e9alisme psychologique et une observation sensible du genre humain.<br \/>\nChez Beno\u00eet S\u00e9verac, ni bains de sang ni situations malsaines. L\u2019enqu\u00eate polici\u00e8re n\u2019est souvent qu\u2019un pr\u00e9texte \u00e0 une litt\u00e9rature travers\u00e9e par des th\u00e8mes profonds et touchants, et une \u00e9tude quasi naturaliste de notre soci\u00e9t\u00e9.<br \/>\nD\u00e8s qu\u2019il le peut, il collabore \u00e0 divers projets m\u00ealant arts plastiques (calligraphie contemporaine, photographie) et litt\u00e9rature.<br \/>\nDans le domaine cin\u00e9matographique, il a particip\u00e9 \u00e0 l\u2019\u00e9criture du sc\u00e9nario de Caravane, un court m\u00e9trage de Xavier Franchomme, et pr\u00e9sent\u00e9 trois documentaires sur France 3 dans la s\u00e9rie Territoires Polars.<br \/>\nPar ailleurs, il enseigne l\u2019anglais \u00e0 l\u2019Ecole Nationale V\u00e9t\u00e9rinaire de Toulouse ainsi qu\u2019aux \u00e9tudiants du Dipl\u00f4me National d\u2019\u0152nologie de Toulouse.<br \/>\nIl est d\u00e9gustateur agr\u00e9\u00e9 par le Comit\u00e9 Interprofessionnel des Vins d\u2019Alsace, ex-Internal Assessor du Wine and Spirit Education Trust de Londres et membre du jury de d\u00e9gustation Aval Qualit\u00e9 du Comit\u00e9 Interprofessionnel des Vins du Sud-Ouest.<br \/>\nBeno\u00eet S\u00e9verac est membre co-fondateur des Molars, association internationale des motards du polar qui compte plus de vingt membres repr\u00e9sentants trois continents.<br \/>\nBeno\u00eet S\u00e9verac est curieux et touche-\u00e0-tout. Ainsi il a \u00e9t\u00e9 tour \u00e0 tour guitariste-chanteur dans un groupe punk, com\u00e9dien amateur, travailleur agricole saisonnier, gardien de brebis sur le Larzac, restaurateur de monuments fun\u00e9raires, vendeur de produits r\u00e9gionaux de luxe et de chambres \u00ab\u00a0meubl\u00e9es\u00a0\u00bb pour gros clients japonais, professeur de judo, photographe dans l\u2019arm\u00e9e de l\u2019air, serveur dans un restaurant italien en Angleterre, d\u00e9gustateur de vins, conseiller municipal, pr\u00e9sident d\u2019association p\u00e9riscolaire, clarinettiste dans un big band de jazz puis co-fondateur d\u2019une fanfare rock-latino-jazz\u2026 Il compte bien que la liste ne s\u2019arr\u00eatera pas l\u00e0!<br \/>\n<strong>Romans noirs adultes :<\/strong><\/p>\n<ul>\n<li>Wazhazhe<\/li>\n<li>115<\/li>\n<li>Trafics ( Le Chien arabe )<\/li>\n<li>On peut pas faire \u00e7\u00e0 \u00e0 Guy Noves<\/li>\n<li>Arr\u00eate tes six magrets (Le Poulpe)<\/li>\n<li>Rendez vous au 10 avril<\/li>\n<li>Les Chevelues<\/li>\n<\/ul>\n<p><strong>Romans noirs jeunesse:<\/strong><\/p>\n<ul>\n<li>Une caravane en hiver<\/li>\n<li>Little sister<\/li>\n<li>L&rsquo;Homme qui dessine<\/li>\n<li>Le gar\u00e7on de l&rsquo;int\u00e9rieur<\/li>\n<li>Silence<\/li>\n<\/ul>\n<p><img loading=\"lazy\" decoding=\"async\" class=\"\" src=\"https:\/\/www.o-p-i.fr\/aupays\/wp-content\/themes\/arras-theme\/library\/timthumb.php?src=https:\/\/www.o-p-i.fr\/aupays\/wp-content\/uploads\/logo_bmsalvagnac.jpg&amp;w=630&amp;h=250&amp;zc=1\" alt=\"Biblioth\u00c3\u00a8que Municipale \u00e2\u0080\u00a6 \u00c3\u00a0 Salvagnac\" width=\"272\" height=\"108\" \/><\/p>\n<p><em>Information communiqu\u00e9e par les b\u00e9n\u00e9voles de la biblioth\u00e8que de Salvagnac<\/em><\/p>\n<p><a href=\"https:\/\/www.o-p-i.fr\/parlonsen\/agenda\/\"><strong>Retrouvez tous les \u00e9v\u00e9nements dans l&rsquo;agenda !<\/strong><\/a><\/p>\n","protected":false},"excerpt":{"rendered":"<div class=\"mh-excerpt\">Vendredi 21 septembre 2018, \u00e0 18h \u00e0 l&rsquo;ancien presbyt\u00e8re.<\/div>\n","protected":false},"author":4,"featured_media":0,"comment_status":"open","ping_status":"open","sticky":false,"template":"","format":"standard","meta":{"om_disable_all_campaigns":false,"advanced_seo_description":"","jetpack_seo_html_title":"","jetpack_seo_noindex":false,"_jetpack_memberships_contains_paid_content":false,"footnotes":"","_links_to":"","_links_to_target":""},"categories":[54,25,3301],"tags":[65,2548,330,2401,3367],"class_list":{"0":"post-37352","1":"post","2":"type-post","3":"status-publish","4":"format-standard","6":"category-loisirs","7":"category-salvagnac","8":"category-n150-septembre-2018","9":"tag-bibliotheque","10":"tag-salvagnac","11":"tag-rencontre","12":"tag-polar","13":"tag-ancien-presbytere"},"jetpack_featured_media_url":"","views":{"total":0,"cached_at":"","cached_date":1738512517},"jetpack_likes_enabled":true,"jetpack_sharing_enabled":true,"jetpack_shortlink":"https:\/\/wp.me\/pg7Wxj-9Is","jetpack-related-posts":[],"_links":{"self":[{"href":"https:\/\/www.o-p-i.fr\/parlonsen\/wp-json\/wp\/v2\/posts\/37352","targetHints":{"allow":["GET"]}}],"collection":[{"href":"https:\/\/www.o-p-i.fr\/parlonsen\/wp-json\/wp\/v2\/posts"}],"about":[{"href":"https:\/\/www.o-p-i.fr\/parlonsen\/wp-json\/wp\/v2\/types\/post"}],"author":[{"embeddable":true,"href":"https:\/\/www.o-p-i.fr\/parlonsen\/wp-json\/wp\/v2\/users\/4"}],"replies":[{"embeddable":true,"href":"https:\/\/www.o-p-i.fr\/parlonsen\/wp-json\/wp\/v2\/comments?post=37352"}],"version-history":[{"count":0,"href":"https:\/\/www.o-p-i.fr\/parlonsen\/wp-json\/wp\/v2\/posts\/37352\/revisions"}],"wp:attachment":[{"href":"https:\/\/www.o-p-i.fr\/parlonsen\/wp-json\/wp\/v2\/media?parent=37352"}],"wp:term":[{"taxonomy":"category","embeddable":true,"href":"https:\/\/www.o-p-i.fr\/parlonsen\/wp-json\/wp\/v2\/categories?post=37352"},{"taxonomy":"post_tag","embeddable":true,"href":"https:\/\/www.o-p-i.fr\/parlonsen\/wp-json\/wp\/v2\/tags?post=37352"}],"curies":[{"name":"wp","href":"https:\/\/api.w.org\/{rel}","templated":true}]}}