{"id":37382,"date":"2018-09-19T18:09:40","date_gmt":"2018-09-19T17:09:40","guid":{"rendered":"\/parlonsen\/?p=37382"},"modified":"2018-09-19T18:09:40","modified_gmt":"2018-09-19T17:09:40","slug":"the-dansant-bal-trad-a-monclar-de-quercy-82","status":"publish","type":"post","link":"https:\/\/www.o-p-i.fr\/parlonsen\/localisation\/au-pays-des-tescous\/monclar\/the-dansant-bal-trad-a-monclar-de-quercy-82\/","title":{"rendered":"Th\u00e9 dansant bal trad&#8230; \u00e0 Monclar de Quercy (82)"},"content":{"rendered":"<p><strong>Dimanche 28 octobre 2018<\/strong>\u00a0\u00e0 14 h 30 \u00e0 la salle des f\u00eates du groupe scolaire.<!--more--><\/p>\n<p><strong>Pour y aller:<img loading=\"lazy\" decoding=\"async\" class=\"alignright\" src=\"https:\/\/www.o-p-i.fr\/aupays\/wp-content\/themes\/arras-theme\/library\/timthumb.php?src=https:\/\/www.o-p-i.fr\/aupays\/wp-content\/uploads\/logo_reveiloccitan.jpg&amp;w=190&amp;h=100&amp;zc=1\" alt=\"R\u00c3\u00a9veil Occitan\" width=\"439\" height=\"231\" \/><\/strong><br \/>\nSalle des f\u00eates du groupe scolaire<br \/>\nboulevard des \u00e9coles<br \/>\n82230-Monclar de Quercy<\/p>\n<p><strong>Tarifs<\/strong> : 5 \u20acuros<br \/>\nGratuit \u00e9tudiant et ch\u00f4meurs sur justificatif<br \/>\nCollation offerte \u00e0 l&rsquo;entracte<\/p>\n<p><strong> Organisateur : <\/strong><a href=\"https:\/\/www.o-p-i.fr\/aupays\/annuaire\/loisirs\/reveil-occitan\/\" target=\"_blank\" rel=\"noopener noreferrer\">R\u00e9veil Occitan<\/a><\/p>\n<p><strong> Contact : <\/strong>Montacq JC 06 52 41 96 62<\/p>\n<p><em>Information communiqu\u00e9e par Jeanine\u00a0<\/em>ASTORG<\/p>\n","protected":false},"excerpt":{"rendered":"<div class=\"mh-excerpt\">Dimanche 28 octobre 2018\u00a0\u00e0 14 h 30 \u00e0 la salle des f\u00eates du groupe scolaire.<\/div>\n","protected":false},"author":4,"featured_media":0,"comment_status":"open","ping_status":"open","sticky":false,"template":"","format":"standard","meta":{"om_disable_all_campaigns":false,"advanced_seo_description":"","jetpack_seo_html_title":"","jetpack_seo_noindex":false,"_jetpack_memberships_contains_paid_content":false,"footnotes":"","_links_to":"","_links_to_target":""},"categories":[52,16,54,3302],"tags":[80,143,1706],"class_list":{"0":"post-37382","1":"post","2":"type-post","3":"status-publish","4":"format-standard","6":"category-parlons-en","7":"category-monclar","8":"category-loisirs","9":"category-n151-octobre-2018","10":"tag-the-dansant","11":"tag-monclar-de-quercy","12":"tag-bal-traditionnel"},"jetpack_featured_media_url":"","views":{"total":1,"cached_at":"","cached_date":1738512599},"jetpack_likes_enabled":true,"jetpack_sharing_enabled":true,"jetpack_shortlink":"https:\/\/wp.me\/pg7Wxj-9IW","jetpack-related-posts":[],"_links":{"self":[{"href":"https:\/\/www.o-p-i.fr\/parlonsen\/wp-json\/wp\/v2\/posts\/37382","targetHints":{"allow":["GET"]}}],"collection":[{"href":"https:\/\/www.o-p-i.fr\/parlonsen\/wp-json\/wp\/v2\/posts"}],"about":[{"href":"https:\/\/www.o-p-i.fr\/parlonsen\/wp-json\/wp\/v2\/types\/post"}],"author":[{"embeddable":true,"href":"https:\/\/www.o-p-i.fr\/parlonsen\/wp-json\/wp\/v2\/users\/4"}],"replies":[{"embeddable":true,"href":"https:\/\/www.o-p-i.fr\/parlonsen\/wp-json\/wp\/v2\/comments?post=37382"}],"version-history":[{"count":0,"href":"https:\/\/www.o-p-i.fr\/parlonsen\/wp-json\/wp\/v2\/posts\/37382\/revisions"}],"wp:attachment":[{"href":"https:\/\/www.o-p-i.fr\/parlonsen\/wp-json\/wp\/v2\/media?parent=37382"}],"wp:term":[{"taxonomy":"category","embeddable":true,"href":"https:\/\/www.o-p-i.fr\/parlonsen\/wp-json\/wp\/v2\/categories?post=37382"},{"taxonomy":"post_tag","embeddable":true,"href":"https:\/\/www.o-p-i.fr\/parlonsen\/wp-json\/wp\/v2\/tags?post=37382"}],"curies":[{"name":"wp","href":"https:\/\/api.w.org\/{rel}","templated":true}]}}