{"id":37384,"date":"2018-09-20T11:11:44","date_gmt":"2018-09-20T10:11:44","guid":{"rendered":"\/parlonsen\/?p=37384"},"modified":"2018-09-20T11:11:44","modified_gmt":"2018-09-20T10:11:44","slug":"ethiopie-inattendue-projection-conference-a-saint-antonin-noble-val-82","status":"publish","type":"post","link":"https:\/\/www.o-p-i.fr\/parlonsen\/parlons-en\/ethiopie-inattendue-projection-conference-a-saint-antonin-noble-val-82\/","title":{"rendered":"\u00ab\u00a0Ethiopie inattendue\u00a0\u00bb projection-conf\u00e9rence&#8230;\u00e0 Saint Antonin Noble Val (82)"},"content":{"rendered":"<p><strong>Vendredi 21 septembre 2018<\/strong>, 19 h. salle des congr\u00e8s \u00e0 la mairie.<!--more--><img data-recalc-dims=\"1\" loading=\"lazy\" decoding=\"async\" class=\"alignright size-full wp-image-37398\" src=\"https:\/\/i0.wp.com\/www.o-p-i.fr\/parlonsen\/wp-content\/uploads\/ethiopie.jpg?resize=395%2C340&#038;ssl=1\" alt=\"\" width=\"395\" height=\"340\" srcset=\"https:\/\/i0.wp.com\/www.o-p-i.fr\/parlonsen\/wp-content\/uploads\/ethiopie.jpg?w=395&amp;ssl=1 395w, https:\/\/i0.wp.com\/www.o-p-i.fr\/parlonsen\/wp-content\/uploads\/ethiopie.jpg?resize=300%2C258&amp;ssl=1 300w, https:\/\/i0.wp.com\/www.o-p-i.fr\/parlonsen\/wp-content\/uploads\/ethiopie.jpg?resize=150%2C129&amp;ssl=1 150w\" sizes=\"auto, (max-width: 395px) 100vw, 395px\" \/>\u00a0L&rsquo;association Nat&rsquo;Pixel vous invite \u00e0 la conf\u00e9rence &#8211; projection sur la Nature et les Hommes en Ethiopie<br \/>\nC&rsquo;est dans le cadre de l&rsquo;exposition photographique \u00ab\u00a0Ethiopie Inattendue\u00a0\u00bb que les deux photographes voyageurs naturalistes G\u00e9rard BISMES et Claude PICHEL partageront leurs \u00e9motions naturalistes et humaines en Terre d&rsquo;Abbyssinie. Ils seront accompagn\u00e9s pour cette soir\u00e9e de V\u00e9ronique COCOLO \u00ab\u00a0globe -trotteuse\u00a0\u00bb particuli\u00e8rement attach\u00e9e \u00e0 ce pays. Elle nous parlera de ses voyages dans le d\u00e9sert du Danakil et aupr\u00e8s des peuples indig\u00e8nes du sud de l&rsquo;Ethiopie ainsi que de son engagement envers les enfants.<br \/>\n\u00ab\u00a0Ethiopie Inattendue\u00a0\u00bb: pourquoi ? Encore peu fr\u00e9quent\u00e9e par les voyageurs, c&rsquo;est un pays immense, magnifique, aux contrastes g\u00e9ographiques \u00e9tonnants. Les populations vari\u00e9es sont partout nombreuses et donnent au visiteur une grande palette de sensations. L&rsquo;essentiel de la population vit dans les zones rurales o\u00f9 pr\u00e9dominent les agriculteurs &#8211; \u00e9leveurs. Nous d\u00e9couvrirons leur vie quotidienne, dans ces paysages si impressionnants.<br \/>\n<img data-recalc-dims=\"1\" loading=\"lazy\" decoding=\"async\" class=\"alignleft size-full wp-image-37399\" src=\"https:\/\/i0.wp.com\/www.o-p-i.fr\/parlonsen\/wp-content\/uploads\/vero.jpg?resize=206%2C206&#038;ssl=1\" alt=\"\" width=\"206\" height=\"206\" srcset=\"https:\/\/i0.wp.com\/www.o-p-i.fr\/parlonsen\/wp-content\/uploads\/vero.jpg?w=206&amp;ssl=1 206w, https:\/\/i0.wp.com\/www.o-p-i.fr\/parlonsen\/wp-content\/uploads\/vero.jpg?resize=150%2C150&amp;ssl=1 150w\" sizes=\"auto, (max-width: 206px) 100vw, 206px\" \/>Le naturaliste voyageur est frapp\u00e9 par une biodiversit\u00e9 abondante. On peut y observer des oiseaux \u00e9tonnants comme la Veuve dominicaine ou les curieux becs du Bucorve d&rsquo;Abyssinie et du Corbeau corbiveau. Vous pourrez aussi admirer l&rsquo;extraordinaire parure du Jacana \u00e0 poitrine dor\u00e9e et du Cordon bleu \u00e0 joues rouges. L&rsquo;Ethiopie abrite \u00e9galement des esp\u00e8ces d&rsquo;oiseaux end\u00e9miques comme l&rsquo;Ibis caroncul\u00e9, le Vanneau d&rsquo;Abyssinie ou le R\u00e2le de Rouget et plusieurs esp\u00e8ces de mammif\u00e8res en grave danger d&rsquo;extinction selon l&rsquo;UICN : le Babouin g\u00e9lada et le Loup d&rsquo;Abyssinie.<br \/>\nM\u00eame si l&rsquo;Ethiopie devient peu \u00e0 peu un Pays Emergeant, la plus large partie de sa population reste pauvre et de nombreux programmes d&rsquo;aide internationale sont actifs dans diff\u00e9rents domaines: V\u00e9ronique COCOLO nous parlera de Vision du Monde et de YAWENTA qui viennent en aide aux enfants. Venez nombreux partager cette soir\u00e9e au cours de laquelle vous pourrez dialoguer avec les intervenants.<br \/>\nN&rsquo;oubliez pas l&rsquo;exposition photographique \u00ab\u00a0ETHIOPIE INATTENDUE\u00a0\u00bb jusqu&rsquo;au au 18 octobre 2018 aux heures d&rsquo;ouverture de la Mairie de St-Antonin Noble Val.<\/p>\n<p>&nbsp;<\/p>\n<p><strong> Organisateur : <\/strong>Nat&rsquo;Pixel<\/p>\n<p><strong> Contact : <\/strong>PICHEL Claude<br \/>\n81170-ITZAC<br \/>\nCourriel :<a href=\"mailto:crp13@orange.fr\">crp13@orange.fr<\/a><\/p>\n<p><em>Information communiqu\u00e9e par<\/em> <em>Anne CAPEL<\/em><\/p>\n<p><a href=\"https:\/\/www.o-p-i.fr\/parlonsen\/agenda\/\"><strong>Retrouvez tous les \u00e9v\u00e9nements dans l&rsquo;agenda !<\/strong><\/a><\/p>\n","protected":false},"excerpt":{"rendered":"<div class=\"mh-excerpt\">Vendredi 21 septembre 2018, 19 h. salle des congr\u00e8s \u00e0 la mairie.<\/div>\n","protected":false},"author":4,"featured_media":0,"comment_status":"open","ping_status":"open","sticky":false,"template":"","format":"standard","meta":{"om_disable_all_campaigns":false,"advanced_seo_description":"","jetpack_seo_html_title":"","jetpack_seo_noindex":false,"_jetpack_memberships_contains_paid_content":false,"footnotes":"","_links_to":"","_links_to_target":""},"categories":[52],"tags":[],"class_list":{"0":"post-37384","1":"post","2":"type-post","3":"status-publish","4":"format-standard","6":"category-parlons-en"},"jetpack_featured_media_url":"","views":{"total":0,"cached_at":"","cached_date":1738518595},"jetpack_likes_enabled":true,"jetpack_sharing_enabled":true,"jetpack_shortlink":"https:\/\/wp.me\/pg7Wxj-9IY","jetpack-related-posts":[],"_links":{"self":[{"href":"https:\/\/www.o-p-i.fr\/parlonsen\/wp-json\/wp\/v2\/posts\/37384","targetHints":{"allow":["GET"]}}],"collection":[{"href":"https:\/\/www.o-p-i.fr\/parlonsen\/wp-json\/wp\/v2\/posts"}],"about":[{"href":"https:\/\/www.o-p-i.fr\/parlonsen\/wp-json\/wp\/v2\/types\/post"}],"author":[{"embeddable":true,"href":"https:\/\/www.o-p-i.fr\/parlonsen\/wp-json\/wp\/v2\/users\/4"}],"replies":[{"embeddable":true,"href":"https:\/\/www.o-p-i.fr\/parlonsen\/wp-json\/wp\/v2\/comments?post=37384"}],"version-history":[{"count":0,"href":"https:\/\/www.o-p-i.fr\/parlonsen\/wp-json\/wp\/v2\/posts\/37384\/revisions"}],"wp:attachment":[{"href":"https:\/\/www.o-p-i.fr\/parlonsen\/wp-json\/wp\/v2\/media?parent=37384"}],"wp:term":[{"taxonomy":"category","embeddable":true,"href":"https:\/\/www.o-p-i.fr\/parlonsen\/wp-json\/wp\/v2\/categories?post=37384"},{"taxonomy":"post_tag","embeddable":true,"href":"https:\/\/www.o-p-i.fr\/parlonsen\/wp-json\/wp\/v2\/tags?post=37384"}],"curies":[{"name":"wp","href":"https:\/\/api.w.org\/{rel}","templated":true}]}}