{"id":37485,"date":"2018-09-27T17:32:10","date_gmt":"2018-09-27T16:32:10","guid":{"rendered":"\/parlonsen\/?p=37485"},"modified":"2018-09-27T17:43:42","modified_gmt":"2018-09-27T16:43:42","slug":"rendez-vous-dautomne-a-vaour-81","status":"publish","type":"post","link":"https:\/\/www.o-p-i.fr\/parlonsen\/parlons-en\/pratique\/rendez-vous-dautomne-a-vaour-81\/","title":{"rendered":"Rendez-vous d&rsquo;automne&#8230;\u00e0 Vaour (81)"},"content":{"rendered":"<p>Le programme d&rsquo;octobre 2018 au jardin d&rsquo;Emerveille. <!--more--><\/p>\n<ul>\n<li><img data-recalc-dims=\"1\" loading=\"lazy\" decoding=\"async\" class=\"alignright size-full wp-image-37486\" src=\"https:\/\/i0.wp.com\/www.o-p-i.fr\/parlonsen\/wp-content\/uploads\/emerveille-total.jpg?resize=425%2C490&#038;ssl=1\" alt=\"\" width=\"425\" height=\"490\" srcset=\"https:\/\/i0.wp.com\/www.o-p-i.fr\/parlonsen\/wp-content\/uploads\/emerveille-total.jpg?w=425&amp;ssl=1 425w, https:\/\/i0.wp.com\/www.o-p-i.fr\/parlonsen\/wp-content\/uploads\/emerveille-total.jpg?resize=260%2C300&amp;ssl=1 260w, https:\/\/i0.wp.com\/www.o-p-i.fr\/parlonsen\/wp-content\/uploads\/emerveille-total.jpg?resize=130%2C150&amp;ssl=1 130w, https:\/\/i0.wp.com\/www.o-p-i.fr\/parlonsen\/wp-content\/uploads\/emerveille-total.jpg?resize=400%2C461&amp;ssl=1 400w\" sizes=\"auto, (max-width: 425px) 100vw, 425px\" \/>\u00a0<strong>Mercredi 3 octobre 2018,<\/strong> 10h-12h<br \/>\nCours de permaculture : au revoir l&rsquo;\u00e9t\u00e9, bonjour l&rsquo;automne<br \/>\nInfos pratiques :<br \/>\nNous vous attendons d\u00e8s 9h45 pour partager une tisane ensemble. Pour ceux qui le souhaitent, nous mangerons ensemble le midi sous forme d&rsquo;auberge espagnole.<br \/>\nTarifs : Les cours de jardinage sont gratuits pour nos adh\u00e9rents. 5 \u20ac pour les non-adh\u00e9rents. Le 1er cours d&rsquo;essai est gratuit. Sans r\u00e9servation.<br \/>\nLors de ce cours nous aborderons les diff\u00e9rentes t\u00e2ches et mises en place que l&rsquo;on peut faire au jardin pour cl\u00f4turer les cultures d&rsquo;\u00e9t\u00e9, lancer celles d&rsquo;automne, passer l&rsquo;hiver sereinement et aussi peut-\u00eatre faciliter le travail du printemps prochain.<br \/>\nNous pourrons aussi partager au sujet des prochains cours, je serais ravi d&rsquo;entendre vos id\u00e9es et vos attentes et aussi de vous partager les miennes.<\/li>\n<li><strong>Samedi 13 octobre 2018<\/strong>, 15h30h,\u00a0 Assembl\u00e9e g\u00e9n\u00e9rale de l&rsquo;association<\/li>\n<li><strong>Samedi 13 octobre 2018<\/strong>, 18h,\u00a0F\u00eate de l&rsquo;automne au jardin<\/li>\n<li>Et aussi&#8230; au programme cet automne : march\u00e9s, balades plantes sauvages, conf\u00e9rence&#8230;<\/li>\n<\/ul>\n<p>&nbsp;<\/p>\n<p>Vous avez \u00e9t\u00e9 nombreux \u00e0 soutenir le jardin d&rsquo;\u00e9merveille cette ann\u00e9e encore. Nous avons souvent fait appel \u00e0 vous pour diff\u00e9rentes raisons, des ateliers, des stages, des journ\u00e9es portes ouvertes, des am\u00e9nagements et autres constructions au jardin.<br \/>\nJe suis \u00e0 chaque fois ravi de voir votre motivation \u00e0 venir soutenir ce projet et aussi un peu frustr\u00e9 de ne pas pouvoir profiter un peu plus de votre pr\u00e9sence&#8230; C&rsquo;est pourquoi j&rsquo;ai cette fois envie de vous proposer une petite f\u00eate au jardin, juste entre nous pour c\u00e9l\u00e9brer cette ann\u00e9e pleine d&rsquo;activit\u00e9s et de belles rencontres. Ce sera l&rsquo;occasion de se rencontrer ou de se conna\u00eetre un peu plus encore.<br \/>\nCette fois ci, pas de grosse organisation, le but est juste de passer un bon moment ensembles. Chacun pourra donc ramener un petit plat ou une boisson \u00e0 partager en toute simplicit\u00e9&#8230;<\/p>\n<p>&nbsp;<\/p>\n<p>Et aussi,<br \/>\nprogramme du mois \u00e0 venir&#8230;<br \/>\nVente de plantes<br \/>\nJe reprend pour quelques temps la vente de plantes. Vous pourrez me retrouver sur place au jardin pour ceux qui le veulent ainsi que sur quelques foires :<\/p>\n<ul>\n<li><strong>Dimanche 30 septembre 2018<\/strong> \u00e0 Villeneuve sur V\u00e8re.<\/li>\n<li><strong>Dimanche 7 octobre 2018<\/strong> \u00e0 St Antonin Noble Val.<\/li>\n<\/ul>\n<p>Autres activit\u00e9s<br \/>\n<strong>Samedi 6 octobre 2018<\/strong> : Je propose une balade \u00e0 la d\u00e9couverte des plantes sauvages \u00e0 Septfonds lors de la f\u00eate de la pomme<\/p>\n<p><strong>Samedi 27 octobre 2018<\/strong>: j&rsquo;anime une conf\u00e9rence sur le jardinage naturel \u00e0 la m\u00e9diath\u00e8que de Lescure d&rsquo;Albi.<\/p>\n<p><em>Information communiqu\u00e9e par R\u00e9mi<\/em><\/p>\n<p><a href=\"https:\/\/www.o-p-i.fr\/parlonsen\/agenda\/\"><strong>Retrouvez tous les \u00e9v\u00e9nements dans l&rsquo;agenda !<\/strong><\/a><\/p>\n","protected":false},"excerpt":{"rendered":"<div class=\"mh-excerpt\">Le programme d&rsquo;octobre 2018 au jardin d&rsquo;Emerveille.<\/div>\n","protected":false},"author":4,"featured_media":0,"comment_status":"open","ping_status":"open","sticky":false,"template":"","format":"standard","meta":{"om_disable_all_campaigns":false,"advanced_seo_description":"","jetpack_seo_html_title":"","jetpack_seo_noindex":false,"_jetpack_memberships_contains_paid_content":false,"footnotes":"","_links_to":"","_links_to_target":""},"categories":[42,704,6,3302],"tags":[179,187,502,2424,3192,3386],"class_list":{"0":"post-37485","1":"post","2":"type-post","3":"status-publish","4":"format-standard","6":"category-a-cote-de-chez-nous","7":"category-cest-lautomne","8":"category-pratique","9":"category-n151-octobre-2018","10":"tag-cours","11":"tag-vaour","12":"tag-ag","13":"tag-permaculture","14":"tag-jardin-demerveille","15":"tag-fete-de-lautomne"},"jetpack_featured_media_url":"","views":{"total":0,"cached_at":"","cached_date":1738448676},"jetpack_likes_enabled":true,"jetpack_sharing_enabled":true,"jetpack_shortlink":"https:\/\/wp.me\/pg7Wxj-9KB","jetpack-related-posts":[],"_links":{"self":[{"href":"https:\/\/www.o-p-i.fr\/parlonsen\/wp-json\/wp\/v2\/posts\/37485","targetHints":{"allow":["GET"]}}],"collection":[{"href":"https:\/\/www.o-p-i.fr\/parlonsen\/wp-json\/wp\/v2\/posts"}],"about":[{"href":"https:\/\/www.o-p-i.fr\/parlonsen\/wp-json\/wp\/v2\/types\/post"}],"author":[{"embeddable":true,"href":"https:\/\/www.o-p-i.fr\/parlonsen\/wp-json\/wp\/v2\/users\/4"}],"replies":[{"embeddable":true,"href":"https:\/\/www.o-p-i.fr\/parlonsen\/wp-json\/wp\/v2\/comments?post=37485"}],"version-history":[{"count":0,"href":"https:\/\/www.o-p-i.fr\/parlonsen\/wp-json\/wp\/v2\/posts\/37485\/revisions"}],"wp:attachment":[{"href":"https:\/\/www.o-p-i.fr\/parlonsen\/wp-json\/wp\/v2\/media?parent=37485"}],"wp:term":[{"taxonomy":"category","embeddable":true,"href":"https:\/\/www.o-p-i.fr\/parlonsen\/wp-json\/wp\/v2\/categories?post=37485"},{"taxonomy":"post_tag","embeddable":true,"href":"https:\/\/www.o-p-i.fr\/parlonsen\/wp-json\/wp\/v2\/tags?post=37485"}],"curies":[{"name":"wp","href":"https:\/\/api.w.org\/{rel}","templated":true}]}}