{"id":37547,"date":"2018-10-05T04:37:58","date_gmt":"2018-10-05T03:37:58","guid":{"rendered":"\/parlonsen\/?p=37547"},"modified":"2018-10-05T04:37:58","modified_gmt":"2018-10-05T03:37:58","slug":"halloween-a-saint-nauphary-82-2","status":"publish","type":"post","link":"https:\/\/www.o-p-i.fr\/parlonsen\/localisation\/au-pays-des-tescous\/saint_nauphary\/halloween-a-saint-nauphary-82-2\/","title":{"rendered":"Halloween&#8230; \u00e0 Saint Nauphary (82)"},"content":{"rendered":"<p>Le <strong>mercredi 31 octobre 2018<\/strong> \u00e0 17 h 30 \u00e0 la m\u00e9diath\u00e8que.<!--more--><\/p>\n<p><img data-recalc-dims=\"1\" loading=\"lazy\" decoding=\"async\" class=\"alignright wp-image-37548 size-medium\" src=\"https:\/\/i0.wp.com\/www.o-p-i.fr\/parlonsen\/wp-content\/uploads\/halloween-2.jpg?resize=212%2C300&#038;ssl=1\" alt=\"\" width=\"212\" height=\"300\" srcset=\"https:\/\/i0.wp.com\/www.o-p-i.fr\/parlonsen\/wp-content\/uploads\/halloween-2.jpg?resize=212%2C300&amp;ssl=1 212w, https:\/\/i0.wp.com\/www.o-p-i.fr\/parlonsen\/wp-content\/uploads\/halloween-2.jpg?resize=106%2C150&amp;ssl=1 106w, https:\/\/i0.wp.com\/www.o-p-i.fr\/parlonsen\/wp-content\/uploads\/halloween-2.jpg?resize=400%2C566&amp;ssl=1 400w, https:\/\/i0.wp.com\/www.o-p-i.fr\/parlonsen\/wp-content\/uploads\/halloween-2.jpg?w=567&amp;ssl=1 567w\" sizes=\"auto, (max-width: 212px) 100vw, 212px\" \/>Pour la huiti\u00e8me ann\u00e9e, l\u2019<a href=\"https:\/\/www.o-p-i.fr\/aupays\/annuaire\/loisirs\/st-nolivres\/\" target=\"_blank\" rel=\"noopener noreferrer\"><strong>association ST NO\u2019LIVRES<\/strong><\/a> organise Halloween \u00e0 la m\u00e9diath\u00e8que de Saint-Nauphary.<\/p>\n<p>Tous les enfants, accompagn\u00e9s de leur parent, sont invit\u00e9s \u00e0 la m\u00e9diath\u00e8que le mercredi 31 octobre 2018 \u00e0 17 h 30 pour \u00e9couter des contes d\u2019Halloween racont\u00e9s par Mme Laborde.<br \/>\nBien entendu n\u2019oubliez pas votre d\u00e9guisement\u00a0!!!<br \/>\nNe ratez pas ce moment o\u00f9 bonbons et sorci\u00e8res seront pr\u00e9sents\u2026<br \/>\nNous vous y attendons nombreux pour partager un moment de lecture et de gourmandises.<\/p>\n<p><em>Information communiqu\u00e9e par Isabelle SERNY<\/em><\/p>\n<p><a href=\"https:\/\/www.o-p-i.fr\/parlonsen\/agenda\/\"><strong>Retrouvez tous les \u00e9v\u00e9nements dans l&rsquo;agenda !<\/strong><\/a><\/p>\n","protected":false},"excerpt":{"rendered":"<div class=\"mh-excerpt\">Le mercredi 31 octobre 2018 \u00e0 17 h 30 \u00e0 la m\u00e9diath\u00e8que.<\/div>\n","protected":false},"author":4,"featured_media":0,"comment_status":"open","ping_status":"open","sticky":false,"template":"","format":"standard","meta":{"om_disable_all_campaigns":false,"advanced_seo_description":"","jetpack_seo_html_title":"","jetpack_seo_noindex":false,"_jetpack_memberships_contains_paid_content":false,"footnotes":"","_links_to":"","_links_to_target":""},"categories":[54,17,3302],"tags":[703,2608,2889,3039],"class_list":{"0":"post-37547","1":"post","2":"type-post","3":"status-publish","4":"format-standard","6":"category-loisirs","7":"category-saint_nauphary","8":"category-n151-octobre-2018","9":"tag-halloween","10":"tag-saint-nauphary","11":"tag-contes","12":"tag-st-no-livres"},"jetpack_featured_media_url":"","views":{"total":1,"cached_at":"","cached_date":1738520748},"jetpack_likes_enabled":true,"jetpack_sharing_enabled":true,"jetpack_shortlink":"https:\/\/wp.me\/pg7Wxj-9LB","jetpack-related-posts":[],"_links":{"self":[{"href":"https:\/\/www.o-p-i.fr\/parlonsen\/wp-json\/wp\/v2\/posts\/37547","targetHints":{"allow":["GET"]}}],"collection":[{"href":"https:\/\/www.o-p-i.fr\/parlonsen\/wp-json\/wp\/v2\/posts"}],"about":[{"href":"https:\/\/www.o-p-i.fr\/parlonsen\/wp-json\/wp\/v2\/types\/post"}],"author":[{"embeddable":true,"href":"https:\/\/www.o-p-i.fr\/parlonsen\/wp-json\/wp\/v2\/users\/4"}],"replies":[{"embeddable":true,"href":"https:\/\/www.o-p-i.fr\/parlonsen\/wp-json\/wp\/v2\/comments?post=37547"}],"version-history":[{"count":0,"href":"https:\/\/www.o-p-i.fr\/parlonsen\/wp-json\/wp\/v2\/posts\/37547\/revisions"}],"wp:attachment":[{"href":"https:\/\/www.o-p-i.fr\/parlonsen\/wp-json\/wp\/v2\/media?parent=37547"}],"wp:term":[{"taxonomy":"category","embeddable":true,"href":"https:\/\/www.o-p-i.fr\/parlonsen\/wp-json\/wp\/v2\/categories?post=37547"},{"taxonomy":"post_tag","embeddable":true,"href":"https:\/\/www.o-p-i.fr\/parlonsen\/wp-json\/wp\/v2\/tags?post=37547"}],"curies":[{"name":"wp","href":"https:\/\/api.w.org\/{rel}","templated":true}]}}