{"id":37621,"date":"2018-10-07T19:13:15","date_gmt":"2018-10-07T18:13:15","guid":{"rendered":"\/parlonsen\/?p=37621"},"modified":"2018-10-07T19:21:36","modified_gmt":"2018-10-07T18:21:36","slug":"initiation-a-max-msp-jitter-a-salvagnac-81","status":"publish","type":"post","link":"https:\/\/www.o-p-i.fr\/parlonsen\/localisation\/au-pays-des-tescous\/salvagnac\/initiation-a-max-msp-jitter-a-salvagnac-81\/","title":{"rendered":"Initiation \u00e0 Max MSP &#8211; Jitter&#8230;\u00e0  Salvagnac (81)"},"content":{"rendered":"<p><strong>Dimanche 14 octobre 2018<\/strong>, de 9h. \u00e0 17h. au Galetas.<!--more-->Propos\u00e9 par l&rsquo;<strong>association Lumen &amp; Co<\/strong><br \/>\nSc\u00e9nographies interactives;<br \/>\nImages, sons et me\u0301caniques pilote\u0301es.<br \/>\n(Initiation anim\u00e9e par Pol Perez et Th\u00e9o de la Hogue)<\/p>\n<ul>\n<li>Dur\u00e9e: 1 journ\u00e9e, repas pris en charge.<\/li>\n<li>Nombre de participants sur inscription: 15 maximum.<\/li>\n<li>Aucune connaissance particulie\u0300re n\u2019est requise pour participer.<\/li>\n<li>Aucun mate\u0301riel a\u0300 amener non plus.<\/li>\n<\/ul>\n<p><strong>Pre\u0301sentation<\/strong><\/p>\n<p>Le logiciel Max\/MSP\/Jitter (et son pendant libre Pure Data) est une solution largement re\u0301pandue pour re\u0301aliser des dispositifs interactifs. Dans ce logiciel tous les me\u0301dias que peut traiter un ordinateur se co\u0302toient. Voix, image, geste, lumie\u0300re, texte, moteur, &#8230;<\/p>\n<p>L\u2019interface permet de cre\u0301er des liens logiques et instantane\u0301s entre les diffe\u0301rents e\u0301le\u0301ments d\u2019une sce\u0301nographie. Comme dans bien des domaines cet outil nume\u0301rique ouvre des possibles tout en bousculant les manie\u0300res de travailler ; de l\u2019e\u0301criture de la sce\u0301nographie jusqu\u2019aux pratiques des diffe\u0301rentes personnes en charge de la production d\u2019un spectacle ou d\u2019une installation plastique.<\/p>\n<p>La matine\u0301e est consacre\u0301e a\u0300 un e\u0301tat de l\u2019art et une pre\u0301sentation du logiciel a\u0300 travers des exemples concrets en lien avec les pratiques artistiques des participants. Une fois les possibles inte\u0301gre\u0301s, l\u2019apre\u0300s-midi se focalise sur la re\u0301alisation avec les participants d\u2019un dispositif interactif. Cette mise en \u0153uvre concre\u0300te vise a\u0300 faire de\u0301couvrir de nouveaux modes d\u2019e\u0301criture sce\u0301nographique tout en soulignant les contraintes que pose l\u2019insertion d\u2019un tel outil dans un processus de cre\u0301ation.<\/p>\n<p><span style=\"color: #ff0000;\"><strong>\u00a0\u00e0 venir&#8230;<\/strong><\/span><br \/>\n&#8211; Initiation au montage num\u00e9rique avec Adobe Premi\u00e8re Pro, le 18 novembre 2018<br \/>\nFaire d\u00e9couvrir la pratique du montage num\u00e9rique et permettre l&rsquo;utilisation de ce logiciel sp\u00e9cifique. (anim\u00e9 par Sylvain Luini)<\/p>\n<p><img data-recalc-dims=\"1\" loading=\"lazy\" decoding=\"async\" class=\"alignleft size-full wp-image-37622\" src=\"https:\/\/i0.wp.com\/www.o-p-i.fr\/parlonsen\/wp-content\/uploads\/LUMEN.jpg?resize=246%2C106&#038;ssl=1\" alt=\"\" width=\"246\" height=\"106\" srcset=\"https:\/\/i0.wp.com\/www.o-p-i.fr\/parlonsen\/wp-content\/uploads\/LUMEN.jpg?w=246&amp;ssl=1 246w, https:\/\/i0.wp.com\/www.o-p-i.fr\/parlonsen\/wp-content\/uploads\/LUMEN.jpg?resize=150%2C65&amp;ssl=1 150w\" sizes=\"auto, (max-width: 246px) 100vw, 246px\" \/><\/p>\n<p><strong>Inscriptions<\/strong>: <strong><a href=\"mailto:lumen.co@free.fr\">lumen.co@free.fr<\/a><\/strong> ou Cyril au 06.22.800.835<br \/>\nFormation gratuite pour les adh\u00e9rents (prix de l&rsquo;adh\u00e9sion:10\u20ac)<\/p>\n<p>&nbsp;<\/p>\n<p>Information communiqu\u00e9e par Cyril MADDALENA<\/p>\n<p><a href=\"https:\/\/www.o-p-i.fr\/parlonsen\/agenda\/\"><strong>Retrouvez tous les \u00e9v\u00e9nements dans l&rsquo;agenda !<\/strong><\/a><\/p>\n<p>&nbsp;<\/p>\n","protected":false},"excerpt":{"rendered":"<div class=\"mh-excerpt\">Dimanche 14 octobre 2018, de 9h. \u00e0 17h. au Galetas.<\/div>\n","protected":false},"author":4,"featured_media":0,"comment_status":"open","ping_status":"open","sticky":false,"template":"","format":"standard","meta":{"om_disable_all_campaigns":false,"advanced_seo_description":"","jetpack_seo_html_title":"","jetpack_seo_noindex":false,"_jetpack_memberships_contains_paid_content":false,"footnotes":"","_links_to":"","_links_to_target":""},"categories":[725,25,3302],"tags":[2548,244,2992,3103],"class_list":{"0":"post-37621","1":"post","2":"type-post","3":"status-publish","4":"format-standard","6":"category-formation-parlons-en","7":"category-salvagnac","8":"category-n151-octobre-2018","9":"tag-salvagnac","10":"tag-formation","11":"tag-lumen-co","12":"tag-initiation-informatique"},"jetpack_featured_media_url":"","views":{"total":0,"cached_at":"","cached_date":1738520566},"jetpack_likes_enabled":true,"jetpack_sharing_enabled":true,"jetpack_shortlink":"https:\/\/wp.me\/pg7Wxj-9MN","jetpack-related-posts":[],"_links":{"self":[{"href":"https:\/\/www.o-p-i.fr\/parlonsen\/wp-json\/wp\/v2\/posts\/37621","targetHints":{"allow":["GET"]}}],"collection":[{"href":"https:\/\/www.o-p-i.fr\/parlonsen\/wp-json\/wp\/v2\/posts"}],"about":[{"href":"https:\/\/www.o-p-i.fr\/parlonsen\/wp-json\/wp\/v2\/types\/post"}],"author":[{"embeddable":true,"href":"https:\/\/www.o-p-i.fr\/parlonsen\/wp-json\/wp\/v2\/users\/4"}],"replies":[{"embeddable":true,"href":"https:\/\/www.o-p-i.fr\/parlonsen\/wp-json\/wp\/v2\/comments?post=37621"}],"version-history":[{"count":0,"href":"https:\/\/www.o-p-i.fr\/parlonsen\/wp-json\/wp\/v2\/posts\/37621\/revisions"}],"wp:attachment":[{"href":"https:\/\/www.o-p-i.fr\/parlonsen\/wp-json\/wp\/v2\/media?parent=37621"}],"wp:term":[{"taxonomy":"category","embeddable":true,"href":"https:\/\/www.o-p-i.fr\/parlonsen\/wp-json\/wp\/v2\/categories?post=37621"},{"taxonomy":"post_tag","embeddable":true,"href":"https:\/\/www.o-p-i.fr\/parlonsen\/wp-json\/wp\/v2\/tags?post=37621"}],"curies":[{"name":"wp","href":"https:\/\/api.w.org\/{rel}","templated":true}]}}