{"id":37629,"date":"2018-10-10T07:50:45","date_gmt":"2018-10-10T06:50:45","guid":{"rendered":"\/parlonsen\/?p=37629"},"modified":"2018-10-10T07:50:45","modified_gmt":"2018-10-10T06:50:45","slug":"apres-midi-recreative-a-monclar-de-quercy-82-3","status":"publish","type":"post","link":"https:\/\/www.o-p-i.fr\/parlonsen\/localisation\/au-pays-des-tescous\/monclar\/apres-midi-recreative-a-monclar-de-quercy-82-3\/","title":{"rendered":"Apr\u00e8s-midi r\u00e9cr\u00e9ative&#8230;\u00e0 Monclar de Quercy (82)"},"content":{"rendered":"<p><strong>Lundi 22 octobre 2018<\/strong> de 14h30 \u00e0 17h30, au CLAE<br \/>\n<!--more-->\u00a0L&rsquo;espace de vie sociale de l\u2019association Familles Rurales organise une apr\u00e8s midi r\u00e9cr\u00e9ative ouverte \u00e0 tous (personnes \u00e2g\u00e9es, enfants, adolescents&#8230;). Ce sera l&rsquo;occasion de partager un moment convivial autour de jeux de soci\u00e9t\u00e9 et d&rsquo;\u00e9changes divers. Pour cl\u00f4turer la journ\u00e9e, chacun apportera ce qu&rsquo;il veut partager (g\u00e2teaux, bonbons&#8230;), l&rsquo;association participera aussi et offrira les boissons.<\/p>\n<p><img data-recalc-dims=\"1\" loading=\"lazy\" decoding=\"async\" class=\"aligncenter size-full wp-image-37630\" src=\"https:\/\/i0.wp.com\/www.o-p-i.fr\/parlonsen\/wp-content\/uploads\/fam-rur-monclar.jpg?resize=567%2C595&#038;ssl=1\" alt=\"\" width=\"567\" height=\"595\" srcset=\"https:\/\/i0.wp.com\/www.o-p-i.fr\/parlonsen\/wp-content\/uploads\/fam-rur-monclar.jpg?w=567&amp;ssl=1 567w, https:\/\/i0.wp.com\/www.o-p-i.fr\/parlonsen\/wp-content\/uploads\/fam-rur-monclar.jpg?resize=286%2C300&amp;ssl=1 286w, https:\/\/i0.wp.com\/www.o-p-i.fr\/parlonsen\/wp-content\/uploads\/fam-rur-monclar.jpg?resize=143%2C150&amp;ssl=1 143w, https:\/\/i0.wp.com\/www.o-p-i.fr\/parlonsen\/wp-content\/uploads\/fam-rur-monclar.jpg?resize=400%2C420&amp;ssl=1 400w\" sizes=\"auto, (max-width: 567px) 100vw, 567px\" \/><\/p>\n<p><em>Information communiqu\u00e9e par St\u00e9phanie MALAURIE<\/em><\/p>\n<p><a href=\"https:\/\/www.o-p-i.fr\/parlonsen\/agenda\/\"><strong>Retrouvez tous les \u00e9v\u00e9nements dans l&rsquo;agenda !<\/strong><\/a><\/p>\n","protected":false},"excerpt":{"rendered":"<div class=\"mh-excerpt\">Lundi 22 octobre 2018 de 14h30 \u00e0 17h30, au CLAE<\/div>\n","protected":false},"author":4,"featured_media":0,"comment_status":"open","ping_status":"open","sticky":false,"template":"","format":"standard","meta":{"om_disable_all_campaigns":false,"advanced_seo_description":"","jetpack_seo_html_title":"","jetpack_seo_noindex":false,"_jetpack_memberships_contains_paid_content":false,"footnotes":"","_links_to":"","_links_to_target":""},"categories":[16,54,3302],"tags":[143,382,560,855,3398],"class_list":{"0":"post-37629","1":"post","2":"type-post","3":"status-publish","4":"format-standard","6":"category-monclar","7":"category-loisirs","8":"category-n151-octobre-2018","9":"tag-monclar-de-quercy","10":"tag-familles-rurales","11":"tag-clae","12":"tag-jeux-de-societe","13":"tag-apres-midi-recreative"},"jetpack_featured_media_url":"","views":{"total":0,"cached_at":"","cached_date":1738520567},"jetpack_likes_enabled":true,"jetpack_sharing_enabled":true,"jetpack_shortlink":"https:\/\/wp.me\/pg7Wxj-9MV","jetpack-related-posts":[],"_links":{"self":[{"href":"https:\/\/www.o-p-i.fr\/parlonsen\/wp-json\/wp\/v2\/posts\/37629","targetHints":{"allow":["GET"]}}],"collection":[{"href":"https:\/\/www.o-p-i.fr\/parlonsen\/wp-json\/wp\/v2\/posts"}],"about":[{"href":"https:\/\/www.o-p-i.fr\/parlonsen\/wp-json\/wp\/v2\/types\/post"}],"author":[{"embeddable":true,"href":"https:\/\/www.o-p-i.fr\/parlonsen\/wp-json\/wp\/v2\/users\/4"}],"replies":[{"embeddable":true,"href":"https:\/\/www.o-p-i.fr\/parlonsen\/wp-json\/wp\/v2\/comments?post=37629"}],"version-history":[{"count":0,"href":"https:\/\/www.o-p-i.fr\/parlonsen\/wp-json\/wp\/v2\/posts\/37629\/revisions"}],"wp:attachment":[{"href":"https:\/\/www.o-p-i.fr\/parlonsen\/wp-json\/wp\/v2\/media?parent=37629"}],"wp:term":[{"taxonomy":"category","embeddable":true,"href":"https:\/\/www.o-p-i.fr\/parlonsen\/wp-json\/wp\/v2\/categories?post=37629"},{"taxonomy":"post_tag","embeddable":true,"href":"https:\/\/www.o-p-i.fr\/parlonsen\/wp-json\/wp\/v2\/tags?post=37629"}],"curies":[{"name":"wp","href":"https:\/\/api.w.org\/{rel}","templated":true}]}}