{"id":37648,"date":"2018-10-13T19:11:11","date_gmt":"2018-10-13T18:11:11","guid":{"rendered":"\/parlonsen\/?p=37648"},"modified":"2025-11-10T15:10:07","modified_gmt":"2025-11-10T14:10:07","slug":"chasse-au-tresor-a-castelnau-de-montmiral-81","status":"publish","type":"post","link":"https:\/\/www.o-p-i.fr\/parlonsen\/localisation\/au-pays-des-tescous\/castelnau\/chasse-au-tresor-a-castelnau-de-montmiral-81\/","title":{"rendered":"Chasse au Tr\u00e9sor&#8230;\u00e0  Castelnau de Montmiral (81)"},"content":{"rendered":"<p><strong>Samedi 20 octpobre 2018,<\/strong> rendez-vous \u00e0 14h.30 \u00e0 la m\u00e9diath\u00e8que.<br \/>\n<!--more--><img data-recalc-dims=\"1\" loading=\"lazy\" decoding=\"async\" class=\"alignright size-full wp-image-37649\" src=\"https:\/\/i0.wp.com\/www.o-p-i.fr\/parlonsen\/wp-content\/uploads\/castelnau-1.jpg?resize=425%2C546&#038;ssl=1\" alt=\"\" width=\"425\" height=\"546\" srcset=\"https:\/\/i0.wp.com\/www.o-p-i.fr\/parlonsen\/wp-content\/uploads\/castelnau-1.jpg?w=425&amp;ssl=1 425w, https:\/\/i0.wp.com\/www.o-p-i.fr\/parlonsen\/wp-content\/uploads\/castelnau-1.jpg?resize=234%2C300&amp;ssl=1 234w, https:\/\/i0.wp.com\/www.o-p-i.fr\/parlonsen\/wp-content\/uploads\/castelnau-1.jpg?resize=117%2C150&amp;ssl=1 117w, https:\/\/i0.wp.com\/www.o-p-i.fr\/parlonsen\/wp-content\/uploads\/castelnau-1.jpg?resize=400%2C514&amp;ssl=1 400w\" sizes=\"auto, (max-width: 425px) 100vw, 425px\" \/>Le service Enfance du r\u00e9seau des m\u00e9diath\u00e8ques de la communaut\u00e9 d&rsquo;agglom\u00e9ration Gaillac Graulhet, la m\u00e9diath\u00e8que Charles Portal et l&rsquo;association les Mains Cr\u00e9atives vous proposent pour les enfants \u00e0 partir de 8 ans et toute la famille une apr\u00e8s-midi de chasse au tr\u00e9sor dans Castelnau de Montmiral. Munis de votre smart phone ou de votre tablette, trouvez les indices qui vous m\u00e8neront au tr\u00e9sor.<br \/>\nVous pourrez \u00e9galement vous faire maquiller ou cr\u00e9er des marques pages. L&rsquo;apr\u00e8s midi s&rsquo;ach\u00e8vera par un conte apr\u00e8s le go\u00fbter.<\/p>\n<p>Animation gratuite sur inscription \u00e0 la m\u00e9diath\u00e8que ou au service enfance des m\u00e9diath\u00e8ques<\/p>\n<p>Florence DESFORGES, agent du patrimoine<br \/>\nM\u00e9diath\u00e8que Charles Portal<br \/>\nrue du commerce<br \/>\n81140 Castelnau de Montmiral<br \/>\nles mardis de 10 \u00e0 12h, les mercredis et samedis de16 \u00e0 18h<br \/>\nt\u00e9l : 05 63 33 81 81 aux heures d&rsquo;ouverture<\/p>\n<p><em>Information communiqu\u00e9e par\u00a0Florence DESFORGES<\/em><\/p>\n<p><a href=\"https:\/\/www.o-p-i.fr\/parlonsen\/agenda\/\"><strong>Retrouvez tous les \u00e9v\u00e9nements dans l&rsquo;agenda !<\/strong><\/a><\/p>\n","protected":false},"excerpt":{"rendered":"<div class=\"mh-excerpt\">Samedi 20 octpobre 2018, rendez-vous \u00e0 14h.30 \u00e0 la m\u00e9diath\u00e8que.<\/div>\n","protected":false},"author":4,"featured_media":0,"comment_status":"open","ping_status":"open","sticky":false,"template":"","format":"standard","meta":{"om_disable_all_campaigns":false,"advanced_seo_description":"","jetpack_seo_html_title":"","jetpack_seo_noindex":false,"_jetpack_memberships_contains_paid_content":false,"footnotes":"","_links_to":"","_links_to_target":""},"categories":[22,54,3302],"tags":[158,186,1514,2354,2889],"class_list":{"0":"post-37648","1":"post","2":"type-post","3":"status-publish","4":"format-standard","6":"category-castelnau","7":"category-loisirs","8":"category-n151-octobre-2018","9":"tag-castelnau-de-montmiral","10":"tag-gouter","11":"tag-mediatheque","12":"tag-chasse-aux-tresors","13":"tag-contes"},"jetpack_featured_media_url":"","views":{"total":0,"cached_at":"","cached_date":1738520564},"jetpack_likes_enabled":true,"jetpack_sharing_enabled":true,"jetpack_shortlink":"https:\/\/wp.me\/pg7Wxj-9Ne","jetpack-related-posts":[],"_links":{"self":[{"href":"https:\/\/www.o-p-i.fr\/parlonsen\/wp-json\/wp\/v2\/posts\/37648","targetHints":{"allow":["GET"]}}],"collection":[{"href":"https:\/\/www.o-p-i.fr\/parlonsen\/wp-json\/wp\/v2\/posts"}],"about":[{"href":"https:\/\/www.o-p-i.fr\/parlonsen\/wp-json\/wp\/v2\/types\/post"}],"author":[{"embeddable":true,"href":"https:\/\/www.o-p-i.fr\/parlonsen\/wp-json\/wp\/v2\/users\/4"}],"replies":[{"embeddable":true,"href":"https:\/\/www.o-p-i.fr\/parlonsen\/wp-json\/wp\/v2\/comments?post=37648"}],"version-history":[{"count":1,"href":"https:\/\/www.o-p-i.fr\/parlonsen\/wp-json\/wp\/v2\/posts\/37648\/revisions"}],"predecessor-version":[{"id":67223,"href":"https:\/\/www.o-p-i.fr\/parlonsen\/wp-json\/wp\/v2\/posts\/37648\/revisions\/67223"}],"wp:attachment":[{"href":"https:\/\/www.o-p-i.fr\/parlonsen\/wp-json\/wp\/v2\/media?parent=37648"}],"wp:term":[{"taxonomy":"category","embeddable":true,"href":"https:\/\/www.o-p-i.fr\/parlonsen\/wp-json\/wp\/v2\/categories?post=37648"},{"taxonomy":"post_tag","embeddable":true,"href":"https:\/\/www.o-p-i.fr\/parlonsen\/wp-json\/wp\/v2\/tags?post=37648"}],"curies":[{"name":"wp","href":"https:\/\/api.w.org\/{rel}","templated":true}]}}