{"id":37726,"date":"2018-10-24T14:05:12","date_gmt":"2018-10-24T13:05:12","guid":{"rendered":"\/parlonsen\/?p=37726"},"modified":"2018-10-24T14:05:12","modified_gmt":"2018-10-24T13:05:12","slug":"yenapa-une-famille-burkinabe-un-documentaire-a-castelnau-de-montmiral-81","status":"publish","type":"post","link":"https:\/\/www.o-p-i.fr\/parlonsen\/parlons-en\/culture\/yenapa-une-famille-burkinabe-un-documentaire-a-castelnau-de-montmiral-81\/","title":{"rendered":"\u00ab\u00a0YENAPA une famille burkinab\u00e8\u00a0\u00bb, un documentaire &#8230;\u00e0 Castelnau de Montmiral (81)"},"content":{"rendered":"<p>Le <strong>samedi 3 novembre 2018 \u00e0 20h30<\/strong>, \u00e0 la salle des f\u00eates. <!--more--><\/p>\n<p>Dans le cadre du mois du film documentaire en partenariat avec la Biblioth\u00e8que d\u00e9partementale, Cin\u00e9cran 81 et le festival \u00ab\u00a0les Oeuillades\u00a0\u00bb d&rsquo;Albi: YENAPA une famille burkinab\u00e8 en pr\u00e9sence du r\u00e9alisateur Victorien Vialar (pour voir la bande annonce, <a href=\"http:\/\/www.film-documentaire.fr\/4DACTION\/w_fiche_film\/45467_1#\" target=\"_blank\" rel=\"noopener noreferrer\">cliquez ici<\/a>)<br \/>\nVoyage po\u00e9tique et r\u00e9flexif dans une famille burkinab\u00e8, 7 voix se livrent sur leur vie et leurs esp\u00e9rances pour l&rsquo;avenir dans un pays en plein bouleversement.<\/p>\n<p><strong>Rappel:<\/strong> La m\u00e9diath\u00e8que Charles Portal de Castelnau de Montmiral accueille une exposition de photos pr\u00eat\u00e9e par un montmiralais du 23 octobre au 24 novembre.<br \/>\n<a href=\"https:\/\/www.o-p-i.fr\/parlonsen\/parlons-en\/culture\/exposition-1914-1918-la-vie-quotidienne-de-secouristes-sur-le-front-a-castelnau-de-montmiral-81\/\" target=\"_blank\" rel=\"noopener noreferrer\"><strong>\u00a0\u00bb 1914-1918, la vie quotidienne de secouristes sur le front\u00a0\u00bb<\/strong> <\/a>des photographies prises par un soldat d&rsquo;une compagnie de brancardiers secouristes en 1914-1918.<br \/>\nJuste la vie de nos grands p\u00e8res et arri\u00e8res grands p\u00e8res pris dans le pi\u00e8ge d&rsquo;une machinerie mortelle. (affiche en pj)<\/p>\n<p>Toutes les animations sont gratuites et ouvertes \u00e0 tous.<\/p>\n<p>M\u00e9diath\u00e8que Charles Portal<br \/>\nrue du commerce<br \/>\n81140 Castelnau de Montmiral<br \/>\nles mardis de 10 \u00e0 12h, les mercredis et samedis de16 \u00e0 18h<br \/>\nt\u00e9l : 05 63 33 81 81 aux heures d&rsquo;ouverture<\/p>\n<p><em>Information communiqu\u00e9e par\u00a0Florence DESFORGES, agent du patrimoine<\/em><\/p>\n<p><a href=\"https:\/\/www.o-p-i.fr\/parlonsen\/agenda\/\"><strong>Retrouvez tous les \u00e9v\u00e9nements dans l&rsquo;agenda !<\/strong><\/a><\/p>\n","protected":false},"excerpt":{"rendered":"<div class=\"mh-excerpt\">Le samedi 3 novembre 2018 \u00e0 20h30, \u00e0 la salle des f\u00eates.<\/div>\n","protected":false},"author":4,"featured_media":0,"comment_status":"open","ping_status":"open","sticky":false,"template":"","format":"standard","meta":{"om_disable_all_campaigns":false,"advanced_seo_description":"","jetpack_seo_html_title":"","jetpack_seo_noindex":false,"_jetpack_memberships_contains_paid_content":false,"footnotes":"","_links_to":"","_links_to_target":""},"categories":[22,1,3387],"tags":[158,184,1514,2692,3063],"class_list":{"0":"post-37726","1":"post","2":"type-post","3":"status-publish","4":"format-standard","6":"category-castelnau","7":"category-culture","8":"category-n152-novembre-2018","9":"tag-castelnau-de-montmiral","10":"tag-exposition-photos","11":"tag-mediatheque","12":"tag-film-documentaire","13":"tag-charles-portal"},"jetpack_featured_media_url":"","views":{"total":0,"cached_at":"","cached_date":1738520412},"jetpack_likes_enabled":true,"jetpack_sharing_enabled":true,"jetpack_shortlink":"https:\/\/wp.me\/pg7Wxj-9Ou","jetpack-related-posts":[],"_links":{"self":[{"href":"https:\/\/www.o-p-i.fr\/parlonsen\/wp-json\/wp\/v2\/posts\/37726","targetHints":{"allow":["GET"]}}],"collection":[{"href":"https:\/\/www.o-p-i.fr\/parlonsen\/wp-json\/wp\/v2\/posts"}],"about":[{"href":"https:\/\/www.o-p-i.fr\/parlonsen\/wp-json\/wp\/v2\/types\/post"}],"author":[{"embeddable":true,"href":"https:\/\/www.o-p-i.fr\/parlonsen\/wp-json\/wp\/v2\/users\/4"}],"replies":[{"embeddable":true,"href":"https:\/\/www.o-p-i.fr\/parlonsen\/wp-json\/wp\/v2\/comments?post=37726"}],"version-history":[{"count":0,"href":"https:\/\/www.o-p-i.fr\/parlonsen\/wp-json\/wp\/v2\/posts\/37726\/revisions"}],"wp:attachment":[{"href":"https:\/\/www.o-p-i.fr\/parlonsen\/wp-json\/wp\/v2\/media?parent=37726"}],"wp:term":[{"taxonomy":"category","embeddable":true,"href":"https:\/\/www.o-p-i.fr\/parlonsen\/wp-json\/wp\/v2\/categories?post=37726"},{"taxonomy":"post_tag","embeddable":true,"href":"https:\/\/www.o-p-i.fr\/parlonsen\/wp-json\/wp\/v2\/tags?post=37726"}],"curies":[{"name":"wp","href":"https:\/\/api.w.org\/{rel}","templated":true}]}}