{"id":37736,"date":"2018-10-24T17:07:45","date_gmt":"2018-10-24T16:07:45","guid":{"rendered":"\/parlonsen\/?p=37736"},"modified":"2025-11-10T15:58:30","modified_gmt":"2025-11-10T14:58:30","slug":"cine-monclar-le-programme-du-9-novembre-au-4-decembre-2018","status":"publish","type":"post","link":"https:\/\/www.o-p-i.fr\/parlonsen\/localisation\/au-pays-des-tescous\/monclar\/cine-monclar-le-programme-du-9-novembre-au-4-decembre-2018\/","title":{"rendered":"Cin\u00e9Monclar, le programme du 9 novembre au 4 d\u00e9cembre 2018"},"content":{"rendered":"<p>\u00ab\u00a0Cin\u00e9Monclar\u00a0\u00bb propose, du\u00a0<strong>vendredi 9 novembre<\/strong><strong>\u00a0au mardi\u00a04 d\u00e9cembre 2018<\/strong><!--more--><\/p>\n<p>Vendredi 9 novembre 2018 \u00e0 20h30 (s\u00e9ance gratuite)<br \/>\n<strong>ADAMA<\/strong>\u00a0\u00a0<a href=\"http:\/\/www.allocine.fr\/video\/player_gen_cmedia=19554356&amp;cfilm=231601.html\" target=\"_blank\" rel=\"noopener noreferrer\"><em>Pour voir la bande annonce, cliquez<\/em><\/a><br \/>\nS\u00e9ance organis\u00e9e par la mairie de Monclar pour la comm\u00e9moration du 11 novembre 1918<\/p>\n<p>Dimanche 11 novembre 2018<br \/>\n<strong>DILILI \u00c0 PARIS<\/strong> \u00e0 15h\u00a0<a href=\"http:\/\/www.allocine.fr\/video\/player_gen_cmedia=19579427&amp;cfilm=243835.html\" target=\"_blank\" rel=\"noopener noreferrer\"><em>Pour voir la bande annonce, cliquez<\/em><\/a><br \/>\n<strong>UPGRADE<\/strong> \u00e0 17h\u00a0<a href=\"http:\/\/www.allocine.fr\/video\/player_gen_cmedia=19580018&amp;cfilm=252519.html\" target=\"_blank\" rel=\"noopener noreferrer\"><em>Pour voir la bande annonce, cliquez<\/em><\/a><\/p>\n<p>Mardi 13 novembre 2018 \u00e0 20h30<br \/>\n<strong>COLD WAR<\/strong> (VO)\u00a0<a href=\"http:\/\/www.allocine.fr\/video\/player_gen_cmedia=19579317&amp;cfilm=252203.html\" target=\"_blank\" rel=\"noopener noreferrer\"><em>Pour voir la bande annonce, cliquez<\/em><\/a><\/p>\n<p>Vendredi 16 nov \u00e0 20h30<br \/>\nFIRST MAN (VF)\u00a0<a href=\"http:\/\/www.allocine.fr\/video\/player_gen_cmedia=19580097&amp;cfilm=135374.html\" target=\"_blank\" rel=\"noopener noreferrer\"><em>Pour voir la bande annonce, cliquez<\/em><\/a><\/p>\n<p>Dimanche 18 novembre 2018<br \/>\n<strong>LE\u00a0QUATUOR \u00c0 CORNES<\/strong> \u00e0 15h\u00a0<a href=\"http:\/\/www.allocine.fr\/video\/player_gen_cmedia=19578966&amp;cfilm=259479.html\" target=\"_blank\" rel=\"noopener noreferrer\"><em>Pour voir la bande annonce, cliquez<\/em><\/a><br \/>\n<strong>UN AMOUR IMPOSSIBLE<\/strong> \u00e0 16h\u00a0<a href=\"http:\/\/www.allocine.fr\/video\/player_gen_cmedia=19579486&amp;cfilm=247014.html\" target=\"_blank\" rel=\"noopener noreferrer\"><em>Pour voir la bande annonce, cliquez<\/em><\/a><\/p>\n<p>Mardi 20 novembre 2018 \u00e0 20h30<br \/>\n<strong>CAPHARNA\u00dcM<\/strong> (VO)\u00a0<a href=\"http:\/\/www.allocine.fr\/video\/player_gen_cmedia=19579561&amp;cfilm=251090.html\" target=\"_blank\" rel=\"noopener noreferrer\"><em>Pour voir la bande annonce, cliquez<\/em><\/a><\/p>\n<p>Vendredi 23 novembre 2018 \u00e0 20h30<br \/>\n<strong>EN LIBERT\u00c9<\/strong>\u00a0<a href=\"http:\/\/www.allocine.fr\/video\/player_gen_cmedia=19579969&amp;cfilm=250801.html\" target=\"_blank\" rel=\"noopener noreferrer\"><em>Pour voir la bande annonce, cliquez<\/em><\/a><\/p>\n<p>Dimanche 25 novembre 2018<br \/>\n<strong>Y\u00c9TI &amp; COMPAGNIE<\/strong> \u00e0 15h\u00a0<a href=\"http:\/\/www.allocine.fr\/video\/player_gen_cmedia=19580516&amp;cfilm=230803.html\" target=\"_blank\" rel=\"noopener noreferrer\"><em>Pour voir la bande annonce, cliquez<\/em><\/a><br \/>\n<strong>LE GRAND BAIN<\/strong> \u00e0 17h\u00a0<a href=\"http:\/\/www.allocine.fr\/video\/player_gen_cmedia=19580054&amp;cfilm=235582.html\" target=\"_blank\" rel=\"noopener noreferrer\"><em>Pour voir la bande annonce, cliquez<\/em><\/a><\/p>\n<p>Mardi 27 novembre 2018 \u00e0 20h30 (gratuit)<br \/>\n<strong>REGARDE AILLEURS<\/strong> avec d\u00e9bat organis\u00e9 par LA CIMADE<\/p>\n<p>Vendredi 30 novembre 2018 \u00e0 20h30<br \/>\n<strong>MAUVAISES HERBES<\/strong>\u00a0<a href=\"http:\/\/www.allocine.fr\/video\/player_gen_cmedia=19578768&amp;cfilm=253530.html\" target=\"_blank\" rel=\"noopener noreferrer\"><em>Pour voir la bande annonce, cliquez<\/em><\/a><\/p>\n<p>Dimanche 2 d\u00e9cembre\u00a02018<br \/>\n<strong>JEAN-CHRISTOPHE &amp; WINNIE<\/strong> 15h\u00a0<a href=\"http:\/\/www.allocine.fr\/video\/player_gen_cmedia=19578654&amp;cfilm=251837.html\" target=\"_blank\" rel=\"noopener noreferrer\"><em>Pour voir la bande annonce, cliquez<\/em><\/a><br \/>\n<strong>LE JEU<\/strong> \u00e0 17h\u00a0<a href=\"http:\/\/www.allocine.fr\/video\/player_gen_cmedia=19579488&amp;cfilm=259649.html\" target=\"_blank\" rel=\"noopener noreferrer\"><em>Pour voir la bande annonce, cliquez<\/em><\/a><\/p>\n<p>Mardi 4 d\u00e9cembre\u00a02018 \u00e0 20h30<br \/>\n<strong>SILVIO ET LES AUTRES<\/strong>\u00a0<a href=\"http:\/\/www.allocine.fr\/video\/player_gen_cmedia=19577483&amp;cfilm=249973.html\" target=\"_blank\" rel=\"noopener noreferrer\"><em>Pour voir la bande annonce, cliquez<\/em><\/a><\/p>\n<p><span style=\"color: #ff0000;\"><strong>NOTE<\/strong><\/span>: Comme vous pouvez le voir, chaque dimanche dor\u00e9navant, il y aura deux films. Le premier, pour les enfants, et le deuxi\u00e8me, plus familial. <strong>Attention,<\/strong> le 2\u00e8me, selon la longueur du 1er, peut commencer \u00e0 16h ou 17h. Regardez donc bien l&rsquo;horaire \u00e0 chaque fois\u00a0\u00bb.<\/p>\n<p>&nbsp;<\/p>\n<p>Pour t\u00e9l\u00e9charger le programme illustr\u00e9, cliquez :\u00a0<strong><a href=\"https:\/\/www.o-p-i.fr\/parlonsen\/wp-content\/uploads\/Nume\u0301rique-69.pdf\">Nume\u0301rique 69<\/a><\/strong><\/p>\n<p><em>Information communiqu\u00e9e par Jacques TREPAGNY<br \/>\n<\/em><br \/>\n<a href=\"https:\/\/www.o-p-i.fr\/parlonsen\/agenda\/\"><strong>Retrouvez tous les \u00e9v\u00e9nements dans l&rsquo;agenda !<\/strong><\/a><\/p>\n","protected":false},"excerpt":{"rendered":"<div class=\"mh-excerpt\">\u00ab\u00a0Cin\u00e9Monclar\u00a0\u00bb propose, du\u00a0vendredi 9 novembre\u00a0au mardi\u00a04 d\u00e9cembre 2018<\/div>\n","protected":false},"author":4,"featured_media":0,"comment_status":"open","ping_status":"open","sticky":false,"template":"","format":"standard","meta":{"om_disable_all_campaigns":false,"advanced_seo_description":"","jetpack_seo_html_title":"","jetpack_seo_noindex":false,"_jetpack_memberships_contains_paid_content":false,"footnotes":"","_links_to":"","_links_to_target":""},"categories":[52,16,54,3387,3406],"tags":[3057,92,143,1768,1833,2998],"class_list":{"0":"post-37736","1":"post","2":"type-post","3":"status-publish","4":"format-standard","6":"category-parlons-en","7":"category-monclar","8":"category-loisirs","9":"category-n152-novembre-2018","10":"category-n153-decembre-2018","11":"tag-bandes-annonces","12":"tag-cine","13":"tag-monclar-de-quercy","14":"tag-cinemonclar","15":"tag-programme-cinema","16":"tag-cine-monclar"},"jetpack_featured_media_url":"","views":{"total":0,"cached_at":"","cached_date":1738434966},"jetpack_likes_enabled":true,"jetpack_sharing_enabled":true,"jetpack_shortlink":"https:\/\/wp.me\/pg7Wxj-9OE","jetpack-related-posts":[],"_links":{"self":[{"href":"https:\/\/www.o-p-i.fr\/parlonsen\/wp-json\/wp\/v2\/posts\/37736","targetHints":{"allow":["GET"]}}],"collection":[{"href":"https:\/\/www.o-p-i.fr\/parlonsen\/wp-json\/wp\/v2\/posts"}],"about":[{"href":"https:\/\/www.o-p-i.fr\/parlonsen\/wp-json\/wp\/v2\/types\/post"}],"author":[{"embeddable":true,"href":"https:\/\/www.o-p-i.fr\/parlonsen\/wp-json\/wp\/v2\/users\/4"}],"replies":[{"embeddable":true,"href":"https:\/\/www.o-p-i.fr\/parlonsen\/wp-json\/wp\/v2\/comments?post=37736"}],"version-history":[{"count":1,"href":"https:\/\/www.o-p-i.fr\/parlonsen\/wp-json\/wp\/v2\/posts\/37736\/revisions"}],"predecessor-version":[{"id":67387,"href":"https:\/\/www.o-p-i.fr\/parlonsen\/wp-json\/wp\/v2\/posts\/37736\/revisions\/67387"}],"wp:attachment":[{"href":"https:\/\/www.o-p-i.fr\/parlonsen\/wp-json\/wp\/v2\/media?parent=37736"}],"wp:term":[{"taxonomy":"category","embeddable":true,"href":"https:\/\/www.o-p-i.fr\/parlonsen\/wp-json\/wp\/v2\/categories?post=37736"},{"taxonomy":"post_tag","embeddable":true,"href":"https:\/\/www.o-p-i.fr\/parlonsen\/wp-json\/wp\/v2\/tags?post=37736"}],"curies":[{"name":"wp","href":"https:\/\/api.w.org\/{rel}","templated":true}]}}