{"id":3781,"date":"2010-05-12T14:35:57","date_gmt":"2010-05-12T12:35:57","guid":{"rendered":"\/parlonsen\/?p=3781"},"modified":"2010-05-12T14:36:28","modified_gmt":"2010-05-12T12:36:28","slug":"terya-groove-en-concert-un-peu-de-soleil-en-ses-temps-difficiles","status":"publish","type":"post","link":"https:\/\/www.o-p-i.fr\/parlonsen\/parlons-en\/culture\/terya-groove-en-concert-un-peu-de-soleil-en-ses-temps-difficiles\/","title":{"rendered":"T\u00e9rya Groove en concert &#8230; un peu de soleil en ses temps difficiles !"},"content":{"rendered":"<p style=\"text-align: justify;\"><span style=\"color: #333300;\"><strong>Jeudi 13 mai<\/strong><\/span> \u00e0 Cordes et <span style=\"color: #333300;\"><strong>Vendredi 14 Mai<\/strong><\/span> \u00e0 Rivi\u00e8res &#8230; <!--more--><\/p>\n<p style=\"text-align: justify;\"><span style=\"color: #333300;\"><strong><\/strong><\/span><\/p>\n<figure id=\"attachment_3782\" aria-describedby=\"caption-attachment-3782\" style=\"width: 400px\" class=\"wp-caption alignleft\"><strong><strong><img data-recalc-dims=\"1\" loading=\"lazy\" decoding=\"async\" class=\"size-full wp-image-3782\" title=\"T\u00e9rya Groove en concert (81)\" src=\"https:\/\/i0.wp.com\/www.o-p-i.fr\/parlonsen\/wp-content\/uploads\/affiche_teryagroove.jpg?resize=400%2C566&#038;ssl=1\" alt=\"T\u00e9rya Groove en concert (81)\" width=\"400\" height=\"566\" srcset=\"https:\/\/i0.wp.com\/www.o-p-i.fr\/parlonsen\/wp-content\/uploads\/affiche_teryagroove.jpg?w=400&amp;ssl=1 400w, https:\/\/i0.wp.com\/www.o-p-i.fr\/parlonsen\/wp-content\/uploads\/affiche_teryagroove.jpg?resize=212%2C300&amp;ssl=1 212w\" sizes=\"auto, (max-width: 400px) 100vw, 400px\" \/><\/strong><\/strong><figcaption id=\"caption-attachment-3782\" class=\"wp-caption-text\">T\u00e9rya Groove en concert (81)<\/figcaption><\/figure>\n<p><strong>T\u00e9rya Groove<\/strong> c&rsquo;est 4 potes : Pascal Ryter (les Zoulousains, Macoura Traor\u00e9 Band, Looping, Instant Tann\u00e9&#8230;) James Heumann, Yannos Pauvert et Thierry Doumenc ; \u00e7a groove entre Afrique de l&rsquo;ouest avec les balafons (malink\u00e9 &amp; s\u00e9noufo), la kora  et autres jemb\u00e9s, douns, pays latins avec les congas, bongos, cajons, les grattes bluesy &amp; jazzy&#8230; \u00e7a danse, \u00e7a r\u00eave en live, \u00e7a raconte des histoires de pochtron, \u00e7a cr\u00e9e des ambiances tant\u00f4t \u00e9th\u00e9r\u00e9es tant\u00f4t fi\u00e9vreuses&#8230; Un bon moment !<\/p>\n<p style=\"text-align: justify;\">T\u00e9rya Groove jouera :<\/p>\n<p style=\"text-align: justify;\"><span style=\"color: #333300;\"><strong>Jeudi 13 Mai<\/strong><\/span><br \/>\nau Bistrot Cordais<br \/>\nDe 19H \u00e0 22H (en terrasse s&rsquo;il fait beau) \u00e0 22h (en int\u00e9rieur si temps pluvieux !)<br \/>\n12 pl La Bouteillerie<br \/>\n81 170 Cordes sur ciel<br \/>\nResto : 05 63 56 00 09<br \/>\nBar :\u00a0   05 63 56 59 84<\/p>\n<p style=\"text-align: justify;\"><span style=\"color: #333300;\"><strong>Vendredi 14 Mai<\/strong><\/span><br \/>\nAu resto (Pas cher !) La JAVANAISE<br \/>\n~21H30<br \/>\nBase de loisirs d&rsquo;Aiguel\u00e8ze<br \/>\n81600 RIVIERES<br \/>\nT\u00e9l. : 05 63 41 50 22<\/p>\n<p><em>Communiqu\u00e9 de James HEUMANN pour T\u00e9rya Groove<\/em><\/p>\n<p style=\"text-align: justify;\"><a href=\"https:\/\/www.o-p-i.fr\/parlonsen\/agenda\/\"><strong>Retrouvez tous les \u00e9v\u00e8nements dans l&rsquo;agenda !<\/strong><\/a><\/p>\n","protected":false},"excerpt":{"rendered":"<div class=\"mh-excerpt\">Jeudi 13 mai \u00e0 Cordes et Vendredi 14 Mai \u00e0 Rivi\u00e8res &#8230;<\/div>\n","protected":false},"author":2,"featured_media":0,"comment_status":"open","ping_status":"open","sticky":false,"template":"","format":"standard","meta":{"om_disable_all_campaigns":false,"advanced_seo_description":"","jetpack_seo_html_title":"","jetpack_seo_noindex":false,"_jetpack_memberships_contains_paid_content":false,"footnotes":"","_links_to":"","_links_to_target":""},"categories":[42,1,54,503],"tags":[528,43,194,527],"class_list":{"0":"post-3781","1":"post","2":"type-post","3":"status-publish","4":"format-standard","6":"category-a-cote-de-chez-nous","7":"category-culture","8":"category-loisirs","9":"category-n-49-mai-2010","10":"tag-cordes","11":"tag-concert","12":"tag-afrique","13":"tag-rivieres"},"jetpack_featured_media_url":"","views":{"total":0,"cached_at":"","cached_date":1738520526},"jetpack_likes_enabled":true,"jetpack_sharing_enabled":true,"jetpack_shortlink":"https:\/\/wp.me\/pg7Wxj-YZ","jetpack-related-posts":[],"_links":{"self":[{"href":"https:\/\/www.o-p-i.fr\/parlonsen\/wp-json\/wp\/v2\/posts\/3781","targetHints":{"allow":["GET"]}}],"collection":[{"href":"https:\/\/www.o-p-i.fr\/parlonsen\/wp-json\/wp\/v2\/posts"}],"about":[{"href":"https:\/\/www.o-p-i.fr\/parlonsen\/wp-json\/wp\/v2\/types\/post"}],"author":[{"embeddable":true,"href":"https:\/\/www.o-p-i.fr\/parlonsen\/wp-json\/wp\/v2\/users\/2"}],"replies":[{"embeddable":true,"href":"https:\/\/www.o-p-i.fr\/parlonsen\/wp-json\/wp\/v2\/comments?post=3781"}],"version-history":[{"count":0,"href":"https:\/\/www.o-p-i.fr\/parlonsen\/wp-json\/wp\/v2\/posts\/3781\/revisions"}],"wp:attachment":[{"href":"https:\/\/www.o-p-i.fr\/parlonsen\/wp-json\/wp\/v2\/media?parent=3781"}],"wp:term":[{"taxonomy":"category","embeddable":true,"href":"https:\/\/www.o-p-i.fr\/parlonsen\/wp-json\/wp\/v2\/categories?post=3781"},{"taxonomy":"post_tag","embeddable":true,"href":"https:\/\/www.o-p-i.fr\/parlonsen\/wp-json\/wp\/v2\/tags?post=3781"}],"curies":[{"name":"wp","href":"https:\/\/api.w.org\/{rel}","templated":true}]}}