{"id":37840,"date":"2018-11-03T11:51:11","date_gmt":"2018-11-03T10:51:11","guid":{"rendered":"\/parlonsen\/?p=37840"},"modified":"2018-11-03T11:51:11","modified_gmt":"2018-11-03T10:51:11","slug":"stage-dimpros-a-reynies-82","status":"publish","type":"post","link":"https:\/\/www.o-p-i.fr\/parlonsen\/localisation\/au-pays-des-tescous\/villebrumier\/stage-dimpros-a-reynies-82\/","title":{"rendered":"Stage d&rsquo;impros&#8230; \u00e0 Reyni\u00e8s (82)"},"content":{"rendered":"<p><strong>Samedi 17 et Dimanche 18\u00a0novembre 2018<\/strong>, \u00e0 la salle des f\u00eates.<!--more--><\/p>\n<p>Vous faites du th\u00e9\u00e2tre ou vous n&rsquo;en avez jamais fait, ce stage est pour vous. Le stage se d\u00e9roule sur 1 journ\u00e9e et demie.<br \/>\nNous commen\u00e7ons par des exercices ludiques tr\u00e8s simples en groupe pour que tout le monde soit \u00e0 l&rsquo;aise.<br \/>\nAu fur et \u00e0 mesure les participants d\u00e9couvrent les bases du jeu improvis\u00e9, jusqu&rsquo;\u00e0 \u00eatre pr\u00eats \u00e0 jouer des sc\u00e8nes totalement improvis\u00e9es.<br \/>\nPuis on consolide les bases.<\/p>\n<p>Stage pour adultes et ados (15 ans minimum). Aucun niveau requis.<br \/>\nTenue d\u00e9contract\u00e9e conseill\u00e9e<br \/>\n<strong>Horaires<\/strong> : le samedi : 13h30 &#8211; 17h30<br \/>\nle dimanche : 10h00 &#8211; 17h00 (Pique-nique formule \u00ab\u00a0auberge espagnole\u00a0\u00bb)<br \/>\n<strong>Tarifs<\/strong> : 55 \u20acuros<br \/>\nR\u00e9servez vos places, avant le 11 novembre 2018<br \/>\nContactez-nous<\/p>\n<ul>\n<li>Tel : 09 84 48 68 99<\/li>\n<li>Courriel :\u00a0<a href=\"mailto:colllette@free.fr\">colllette@free.fr<\/a><\/li>\n<li>Pour t\u00e9l\u00e9charger le bulletin d&rsquo;inscription, <strong><a href=\"http:\/\/artsettheatre.free.fr\/mes%20images%201\/Bulletin%20d%27inscription%20stages.pdf\" target=\"_blank\" rel=\"noopener noreferrer\">cliquez :<\/a><\/strong><\/li>\n<\/ul>\n<p><strong>Organisateur<\/strong> : <a href=\"http:\/\/artsettheatre.free.fr\" target=\"_blank\" rel=\"noopener noreferrer\">Expression de l&rsquo;Art dans l&rsquo;Espace Th\u00e9\u00e2tral<\/a><\/p>\n<p><strong>\u00a0Contact<\/strong>\u00a0 : Colette Tchourbassof<br \/>\n82370-Villebrumier<br \/>\nT\u00e9l:09 84 48 68 99<\/p>\n<p><em>Information communiqu\u00e9e par :\u00a0Colette TCHOURBASSOF<\/em><\/p>\n<p><a href=\"https:\/\/www.o-p-i.fr\/parlonsen\/agenda\/\"><strong>Retrouvez tous les \u00e9v\u00e9nements dans l&rsquo;agenda !<\/strong><\/a><\/p>\n<p>&nbsp;<\/p>\n","protected":false},"excerpt":{"rendered":"<div class=\"mh-excerpt\">Samedi 17 et Dimanche 18\u00a0novembre 2018, \u00e0 la salle des f\u00eates.<\/div>\n","protected":false},"author":4,"featured_media":0,"comment_status":"open","ping_status":"open","sticky":false,"template":"","format":"standard","meta":{"om_disable_all_campaigns":false,"advanced_seo_description":"","jetpack_seo_html_title":"","jetpack_seo_noindex":false,"_jetpack_memberships_contains_paid_content":false,"footnotes":"","_links_to":"","_links_to_target":""},"categories":[42,725,54,19,3387],"tags":[2544,313,1646,1889],"class_list":{"0":"post-37840","1":"post","2":"type-post","3":"status-publish","4":"format-standard","6":"category-a-cote-de-chez-nous","7":"category-formation-parlons-en","8":"category-loisirs","9":"category-villebrumier","10":"category-n152-novembre-2018","11":"tag-villebrumier","12":"tag-reynies","13":"tag-stage-adoadultes","14":"tag-atelier-impro"},"jetpack_featured_media_url":"","views":{"total":0,"cached_at":"","cached_date":1738520488},"jetpack_likes_enabled":true,"jetpack_sharing_enabled":true,"jetpack_shortlink":"https:\/\/wp.me\/pg7Wxj-9Qk","jetpack-related-posts":[],"_links":{"self":[{"href":"https:\/\/www.o-p-i.fr\/parlonsen\/wp-json\/wp\/v2\/posts\/37840","targetHints":{"allow":["GET"]}}],"collection":[{"href":"https:\/\/www.o-p-i.fr\/parlonsen\/wp-json\/wp\/v2\/posts"}],"about":[{"href":"https:\/\/www.o-p-i.fr\/parlonsen\/wp-json\/wp\/v2\/types\/post"}],"author":[{"embeddable":true,"href":"https:\/\/www.o-p-i.fr\/parlonsen\/wp-json\/wp\/v2\/users\/4"}],"replies":[{"embeddable":true,"href":"https:\/\/www.o-p-i.fr\/parlonsen\/wp-json\/wp\/v2\/comments?post=37840"}],"version-history":[{"count":0,"href":"https:\/\/www.o-p-i.fr\/parlonsen\/wp-json\/wp\/v2\/posts\/37840\/revisions"}],"wp:attachment":[{"href":"https:\/\/www.o-p-i.fr\/parlonsen\/wp-json\/wp\/v2\/media?parent=37840"}],"wp:term":[{"taxonomy":"category","embeddable":true,"href":"https:\/\/www.o-p-i.fr\/parlonsen\/wp-json\/wp\/v2\/categories?post=37840"},{"taxonomy":"post_tag","embeddable":true,"href":"https:\/\/www.o-p-i.fr\/parlonsen\/wp-json\/wp\/v2\/tags?post=37840"}],"curies":[{"name":"wp","href":"https:\/\/api.w.org\/{rel}","templated":true}]}}