{"id":37876,"date":"2018-11-08T15:30:48","date_gmt":"2018-11-08T14:30:48","guid":{"rendered":"\/parlonsen\/?p=37876"},"modified":"2018-11-08T15:46:54","modified_gmt":"2018-11-08T14:46:54","slug":"concert-de-canari-kitchen-a-castelnau-de-montmiral-81","status":"publish","type":"post","link":"https:\/\/www.o-p-i.fr\/parlonsen\/localisation\/au-pays-des-tescous\/castelnau\/concert-de-canari-kitchen-a-castelnau-de-montmiral-81\/","title":{"rendered":"Concert de Canari Kitchen&#8230;\u00e0 Castelnau de Montmiral (81)"},"content":{"rendered":"<p><strong>Samedi 24 novembre 2018,<\/strong> Colo &amp; co, Saint J\u00e9rome\u00a0\u00e0 21 heures<br \/>\n<!--more--><\/p>\n<p><img data-recalc-dims=\"1\" loading=\"lazy\" decoding=\"async\" class=\"alignright size-full wp-image-37877\" src=\"https:\/\/i0.wp.com\/www.o-p-i.fr\/parlonsen\/wp-content\/uploads\/canari.jpg?resize=425%2C485&#038;ssl=1\" alt=\"\" width=\"425\" height=\"485\" srcset=\"https:\/\/i0.wp.com\/www.o-p-i.fr\/parlonsen\/wp-content\/uploads\/canari.jpg?w=425&amp;ssl=1 425w, https:\/\/i0.wp.com\/www.o-p-i.fr\/parlonsen\/wp-content\/uploads\/canari.jpg?resize=263%2C300&amp;ssl=1 263w, https:\/\/i0.wp.com\/www.o-p-i.fr\/parlonsen\/wp-content\/uploads\/canari.jpg?resize=131%2C150&amp;ssl=1 131w, https:\/\/i0.wp.com\/www.o-p-i.fr\/parlonsen\/wp-content\/uploads\/canari.jpg?resize=400%2C456&amp;ssl=1 400w\" sizes=\"auto, (max-width: 425px) 100vw, 425px\" \/><strong>Concert<\/strong> des <a href=\"https:\/\/www.canarikitchen.com\/\" target=\"_blank\" rel=\"noopener noreferrer\"><strong>Canari Kitchen<\/strong>\u00a0<\/a>(Diane et Surya),<\/p>\n<ul>\n<li>Bien plus qu&rsquo;un concert, ce duo exceptionnel nous offre un spectacle original, avec talent et g\u00e9n\u00e9rosit\u00e9.<\/li>\n<li>Les voix et les guitares sautent d&rsquo;un style \u00e0 l&rsquo;autre et la danse suspend le temps \u2026<\/li>\n<li>World Fusion\n<ul>\n<li>Jazz Latin &#8211;<\/li>\n<li>Johnny Revisit\u00e9 &#8211;<\/li>\n<li>Compos &#8211;<\/li>\n<li>Performance<\/li>\n<\/ul>\n<\/li>\n<\/ul>\n<p><strong>D\u00eener Spectacle:<\/strong> 30 euros<\/p>\n<ul>\n<li>Assiette de Vacherin Mont d&rsquo;or fondu accompagn\u00e9e de ses charcuteries<\/li>\n<li>Fondant poire chocolat&#8230;.<\/li>\n<li>Possibilit\u00e9 de commander \u00e0 la carte&#8230;<\/li>\n<\/ul>\n<p>R\u00e9servation fortement conseill\u00e9e 05 63 57 42 33<br \/>\nCourriel: <a href=\"mailto:contact.colo.co@gmail.com\">contact.colo.co@gmail.com<\/a><\/p>\n<p><strong>Uniquement le Concert:\u00a0<\/strong>10 euros<\/p>\n<p><em>Information communiqu\u00e9e par Surya et Roland<\/em><\/p>\n<p><a href=\"https:\/\/www.o-p-i.fr\/parlonsen\/agenda\/\"><strong>Retrouvez tous les \u00e9v\u00e9nements dans l&rsquo;agenda !<\/strong><\/a><\/p>\n","protected":false},"excerpt":{"rendered":"<div class=\"mh-excerpt\">Samedi 24 novembre 2018, Colo &amp; co, Saint J\u00e9rome\u00a0\u00e0 21 heures<\/div>\n","protected":false},"author":4,"featured_media":0,"comment_status":"open","ping_status":"open","sticky":false,"template":"","format":"standard","meta":{"om_disable_all_campaigns":false,"advanced_seo_description":"","jetpack_seo_html_title":"","jetpack_seo_noindex":false,"_jetpack_memberships_contains_paid_content":false,"footnotes":"","_links_to":"","_links_to_target":""},"categories":[22,54,3387],"tags":[43,158,2641,3422],"class_list":{"0":"post-37876","1":"post","2":"type-post","3":"status-publish","4":"format-standard","6":"category-castelnau","7":"category-loisirs","8":"category-n152-novembre-2018","9":"tag-concert","10":"tag-castelnau-de-montmiral","11":"tag-repas-concert","12":"tag-colo-co"},"jetpack_featured_media_url":"","views":{"total":0,"cached_at":"","cached_date":1738474788},"jetpack_likes_enabled":true,"jetpack_sharing_enabled":true,"jetpack_shortlink":"https:\/\/wp.me\/pg7Wxj-9QU","jetpack-related-posts":[],"_links":{"self":[{"href":"https:\/\/www.o-p-i.fr\/parlonsen\/wp-json\/wp\/v2\/posts\/37876","targetHints":{"allow":["GET"]}}],"collection":[{"href":"https:\/\/www.o-p-i.fr\/parlonsen\/wp-json\/wp\/v2\/posts"}],"about":[{"href":"https:\/\/www.o-p-i.fr\/parlonsen\/wp-json\/wp\/v2\/types\/post"}],"author":[{"embeddable":true,"href":"https:\/\/www.o-p-i.fr\/parlonsen\/wp-json\/wp\/v2\/users\/4"}],"replies":[{"embeddable":true,"href":"https:\/\/www.o-p-i.fr\/parlonsen\/wp-json\/wp\/v2\/comments?post=37876"}],"version-history":[{"count":0,"href":"https:\/\/www.o-p-i.fr\/parlonsen\/wp-json\/wp\/v2\/posts\/37876\/revisions"}],"wp:attachment":[{"href":"https:\/\/www.o-p-i.fr\/parlonsen\/wp-json\/wp\/v2\/media?parent=37876"}],"wp:term":[{"taxonomy":"category","embeddable":true,"href":"https:\/\/www.o-p-i.fr\/parlonsen\/wp-json\/wp\/v2\/categories?post=37876"},{"taxonomy":"post_tag","embeddable":true,"href":"https:\/\/www.o-p-i.fr\/parlonsen\/wp-json\/wp\/v2\/tags?post=37876"}],"curies":[{"name":"wp","href":"https:\/\/api.w.org\/{rel}","templated":true}]}}